{"id":99,"date":"2020-05-07T18:09:52","date_gmt":"2020-05-07T16:09:52","guid":{"rendered":"http:\/\/karne.pl\/prawo\/?p=99"},"modified":"2025-06-13T22:30:01","modified_gmt":"2025-06-13T20:30:01","slug":"nieobecnosc-oskarzonego-na-rozprawie","status":"publish","type":"post","link":"https:\/\/karne.pl\/index.php\/nieobecnosc-oskarzonego-na-rozprawie\/","title":{"rendered":"Nieobecno\u015b\u0107 oskar\u017conego na rozprawie"},"content":{"rendered":"<p>Co do zasady udzia\u0142 oskar\u017conego w rozprawie jest jego prawem, nie obowi\u0105zkiem. Zgodnie z nowelizacj\u0105 z dnia 19 lipca 2019 roku, kt\u00f3ra doda\u0142a art. 378a, s\u0105d mo\u017ce przeprowadzi\u0107 post\u0119powanie dowodowe (w szczeg\u00f3lno\u015bci przes\u0142ucha\u0107 \u015bwiadk\u00f3w) nawet w przypadku nale\u017cycie usprawiedliwionej nieobecno\u015bci oskar\u017conego (tj. zwolnienia od lekarza s\u0105dowego), cho\u0107by je\u015bli nie z\u0142o\u017cy\u0142 on jeszcze wyja\u015bnie\u0144. Obro\u0144ca i oskar\u017cony na nast\u0119pnej rozprawie mog\u0105 z\u0142o\u017cy\u0107 wniosek o uzupe\u0142niaj\u0105ce przeprowadzenie dowodu je\u017celi wyka\u017c\u0105, \u017ce przeprowadzenie dowodu pod nieobecno\u015b\u0107 oskar\u017conego naruszy\u0142o gwarancje procesowe, w szczeg\u00f3lno\u015bci jego prawo do obrony. Prawo do z\u0142o\u017cenia takiego wniosku nie b\u0119dzie przys\u0142uguje je\u017celi oka\u017ce si\u0119, \u017ce nieobecno\u015b\u0107 by\u0142a nieusprawiedliwiona.<br \/>\nPowy\u017csza nowelizacja budzi wiele kontrowersji. Jej zwolennicy podnosz\u0105, \u017ce znacz\u0105co wp\u0142ynie ona na szybko\u015b\u0107 i sprawno\u015b\u0107 post\u0119powania, co znacz\u0105co skr\u00f3ci czas trwania rozpraw a tak\u017ce to, \u017ce s\u0105d ma jedynie tak\u0105 mo\u017cliwo\u015b\u0107, nie obowi\u0105zek. Przeciwnicy za\u015b argumentuj\u0105, i\u017c przeprowadzanie dowod\u00f3w pod nieobecno\u015b\u0107 oskar\u017conego zawsze godzi w jego prawa procesowe, oraz \u017ce przyspieszenie procesu polega\u0107 mo\u017ce tylko na uchybieniu terminowi, bowiem w praktyce wniosek o uzupe\u0142nienie post\u0119powania dowodowego zawsze b\u0119dzie wi\u0105za\u0142 si\u0119 z dodatkowym terminem rozprawy.<\/p>\n","protected":false},"excerpt":{"rendered":"<p>Co do zasady udzia\u0142 oskar\u017conego w rozprawie jest jego prawem, nie obowi\u0105zkiem. Zgodnie z nowelizacj\u0105 z dnia 19 lipca 2019 roku, kt\u00f3ra doda\u0142a art. 378a, s\u0105d mo\u017ce przeprowadzi\u0107 post\u0119powanie dowodowe (w szczeg\u00f3lno\u015bci przes\u0142ucha\u0107 \u015bwiadk\u00f3w) nawet w przypadku nale\u017cycie usprawiedliwionej nieobecno\u015bci oskar\u017conego (tj. zwolnienia od lekarza s\u0105dowego), cho\u0107by je\u015bli nie z\u0142o\u017cy\u0142 on jeszcze wyja\u015bnie\u0144. Obro\u0144ca i [&hellip;]<\/p>\n","protected":false},"author":2,"featured_media":0,"comment_status":"open","ping_status":"closed","sticky":false,"template":"wp-custom-template-pojedynczy-wpis-pl","format":"standard","meta":{"footnotes":""},"categories":[230],"tags":[45,46,47],"class_list":["post-99","post","type-post","status-publish","format-standard","hentry","category-news-pl","tag-nieobecnosc","tag-obowiazek","tag-rozprawa"],"_links":{"self":[{"href":"https:\/\/karne.pl\/index.php\/wp-json\/wp\/v2\/posts\/99","targetHints":{"allow":["GET"]}}],"collection":[{"href":"https:\/\/karne.pl\/index.php\/wp-json\/wp\/v2\/posts"}],"about":[{"href":"https:\/\/karne.pl\/index.php\/wp-json\/wp\/v2\/types\/post"}],"author":[{"embeddable":true,"href":"https:\/\/karne.pl\/index.php\/wp-json\/wp\/v2\/users\/2"}],"replies":[{"embeddable":true,"href":"https:\/\/karne.pl\/index.php\/wp-json\/wp\/v2\/comments?post=99"}],"version-history":[{"count":1,"href":"https:\/\/karne.pl\/index.php\/wp-json\/wp\/v2\/posts\/99\/revisions"}],"predecessor-version":[{"id":454,"href":"https:\/\/karne.pl\/index.php\/wp-json\/wp\/v2\/posts\/99\/revisions\/454"}],"wp:attachment":[{"href":"https:\/\/karne.pl\/index.php\/wp-json\/wp\/v2\/media?parent=99"}],"wp:term":[{"taxonomy":"category","embeddable":true,"href":"https:\/\/karne.pl\/index.php\/wp-json\/wp\/v2\/categories?post=99"},{"taxonomy":"post_tag","embeddable":true,"href":"https:\/\/karne.pl\/index.php\/wp-json\/wp\/v2\/tags?post=99"}],"curies":[{"name":"wp","href":"https:\/\/api.w.org\/{rel}","templated":true}]}}