{"id":714,"date":"2026-01-22T13:07:14","date_gmt":"2026-01-22T12:07:14","guid":{"rendered":"https:\/\/karne.pl\/index.php\/?p=714"},"modified":"2026-01-22T13:07:14","modified_gmt":"2026-01-22T12:07:14","slug":"zabezpieczanie-danych-informatycznych","status":"publish","type":"post","link":"https:\/\/karne.pl\/index.php\/zabezpieczanie-danych-informatycznych\/","title":{"rendered":"Zabezpieczanie danych informatycznych"},"content":{"rendered":"\n<p><\/p>\n\n\n\n<p>Zabezpieczanie danych informatycznych w polskim post\u0119powaniu karnym uregulowane jest przede wszystkim w art. 218a k.p.k. Przepis ten przewiduje, \u017ce podmioty prowadz\u0105ce dzia\u0142alno\u015b\u0107 telekomunikacyjn\u0105, \u015bwiadcz\u0105ce us\u0142ugi drog\u0105 elektroniczn\u0105 oraz dostawcy us\u0142ug cyfrowych s\u0105 obowi\u0105zane do niezw\u0142ocznego zabezpieczenia na \u017c\u0105danie s\u0105du lub prokuratora danych informatycznych przechowywanych w urz\u0105dzeniach zawieraj\u0105cych te dane na czas okre\u015blony, nie d\u0142u\u017cszy jednak ni\u017c 90 dni.<\/p>\n\n\n\n<p>W odniesieniu do wybranych przest\u0119pstw (m.in. seksualnych wobec ma\u0142oletnich, terrorystycznych i narkotykowych) mo\u017cliwe jest po\u0142\u0105czenie zabezpieczenia z obowi\u0105zkiem uniemo\u017cliwienia dost\u0119pu do danych, a tak\u017ce z nakazem usuni\u0119cia bezprawnych tre\u015bci.\u200b<\/p>\n\n\n\n<p>Z kolei art. 218b k.p.k. ma charakter przepisu kompetencyjnego, na podstawie kt\u00f3rego zosta\u0142o wydane Rozporz\u0105dzenie Ministra Sprawiedliwo\u015bci z 18 czerwca 2021 r. &#8211; okre\u015blaj\u0105ce spos\u00f3b technicznego przygotowania system\u00f3w i sieci s\u0142u\u017c\u0105cych do przekazywania informacji (Dz.U. 2021 poz. 1101). Akt ten doprecyzowuje szczeg\u00f3\u0142owe wymagania dotycz\u0105ce technicznego przygotowania tych system\u00f3w i sieci oraz procedur zabezpieczania danych.<\/p>\n\n\n\n<p>Podmioty obowi\u0105zane musz\u0105 zapewni\u0107 zabezpieczenie danych przed ich utrat\u0105, zniekszta\u0142ceniem, nieuprawnionym ujawnieniem oraz uszkodzeniem no\u015bnik\u00f3w, a tak\u017ce wyznaczy\u0107 osoby upowa\u017cnione do wykonywania tych czynno\u015bci. Rozporz\u0105dzenie wymaga m.in. zabezpieczenia danych w spos\u00f3b umo\u017cliwiaj\u0105cy ich p\u00f3\u017aniejsze odczytanie (np. poprzez zapis na no\u015bniku informatycznym), sporz\u0105dzenia notatki s\u0142u\u017cbowej z przeprowadzonych czynno\u015bci oraz przechowywania danych z ograniczeniem dost\u0119pu wy\u0142\u0105cznie do os\u00f3b upowa\u017cnionych.<\/p>\n\n\n\n<p>Instytucja zabezpieczenia danych informatycznych pe\u0142ni funkcj\u0119 tymczasowego \u015brodka ochrony materia\u0142u cyfrowego przed zniszczeniem lub modyfikacj\u0105, co ma szczeg\u00f3lne znaczenie ze wzgl\u0119du na \u0142atwo\u015b\u0107 ingerencji w dane elektroniczne. Jednocze\u015bnie regulacja ma charakter gwarancyjny &#8211; ogranicza czas zabezpieczenia, nakazuje zwalnianie spod zabezpieczenia danych nieistotnych oraz kieruje obowi\u0105zki wy\u0142\u0105cznie do podmiot\u00f3w profesjonalnych, co s\u0142u\u017cy ochronie prawa do prywatno\u015bci u\u017cytkownik\u00f3w. W literaturze wskazuje si\u0119 jednak, \u017ce w praktyce organy \u015bcigania wci\u0105\u017c cz\u0119sto korzystaj\u0105 z prostszych, \u201eklasycznych\u201d metod dokumentowania tre\u015bci cyfrowych, co mo\u017ce os\u0142abia\u0107 standard integralno\u015bci i wiarygodno\u015bci dowod\u00f3w informatycznych, zabezpieczanych z pomini\u0119ciem regu\u0142 z art. 218a-218b k.p.k. i powy\u017cszych przepis\u00f3w wykonawczych.<\/p>\n\n\n\n<p>Jednocze\u015bnie nale\u017cy pami\u0119ta\u0107 o regulacji art. 47 ust. 1 pkt 1 ustawy z dnia 12 lipca 2024 r. \u2013 Prawo komunikacji elektronicznej, zgodnie z kt\u00f3rym&nbsp; Przedsi\u0119biorca telekomunikacyjny co do zasady jest obowi\u0105zany na w\u0142asny koszt zatrzymywa\u0107 i przechowywa\u0107 okre\u015blone dane identyfikacyjne generowane w publicznej sieci telekomunikacyjnej lub przez niego przetwarzane, na terytorium Rzeczypospolitej Polskiej, przez okres 12 miesi\u0119cy, licz\u0105c od dnia po\u0142\u0105czenia lub nieudanej pr\u00f3by po\u0142\u0105czenia, a z dniem up\u0142ywu tego okresu dane te niszczy\u0107, z wyj\u0105tkiem tych, kt\u00f3re zosta\u0142y zabezpieczone, zgodnie z przepisami odr\u0119bnymi, zatem zwr\u00f3cenie si\u0119 przez organy \u015bcigania lub S\u0105d po up\u0142ywie okresu tzw. retencji danych (czyli wspomnianych 12 miesi\u0119cy) mo\u017ce okaza\u0107 si\u0119 bezskuteczne, gdy\u017c dane te mog\u0142y zosta\u0107 przez przedsi\u0119biorc\u0119 telekomunikacyjnego usuni\u0119te po up\u0142ywie wspomnianego ustawowego okresu zabezpieczenia.<\/p>\n","protected":false},"excerpt":{"rendered":"<p>Zabezpieczanie danych informatycznych w polskim post\u0119powaniu karnym uregulowane jest przede wszystkim w art. 218a k.p.k. Przepis ten przewiduje, \u017ce podmioty prowadz\u0105ce dzia\u0142alno\u015b\u0107 telekomunikacyjn\u0105, \u015bwiadcz\u0105ce us\u0142ugi drog\u0105 elektroniczn\u0105 oraz dostawcy us\u0142ug cyfrowych s\u0105 obowi\u0105zane do niezw\u0142ocznego zabezpieczenia na \u017c\u0105danie s\u0105du lub prokuratora danych informatycznych przechowywanych w urz\u0105dzeniach zawieraj\u0105cych te dane na czas okre\u015blony, nie d\u0142u\u017cszy jednak [&hellip;]<\/p>\n","protected":false},"author":3,"featured_media":0,"comment_status":"closed","ping_status":"open","sticky":false,"template":"wp-custom-template-pojedynczy-wpis-pl","format":"standard","meta":{"footnotes":""},"categories":[230],"tags":[],"class_list":["post-714","post","type-post","status-publish","format-standard","hentry","category-news-pl"],"_links":{"self":[{"href":"https:\/\/karne.pl\/index.php\/wp-json\/wp\/v2\/posts\/714","targetHints":{"allow":["GET"]}}],"collection":[{"href":"https:\/\/karne.pl\/index.php\/wp-json\/wp\/v2\/posts"}],"about":[{"href":"https:\/\/karne.pl\/index.php\/wp-json\/wp\/v2\/types\/post"}],"author":[{"embeddable":true,"href":"https:\/\/karne.pl\/index.php\/wp-json\/wp\/v2\/users\/3"}],"replies":[{"embeddable":true,"href":"https:\/\/karne.pl\/index.php\/wp-json\/wp\/v2\/comments?post=714"}],"version-history":[{"count":1,"href":"https:\/\/karne.pl\/index.php\/wp-json\/wp\/v2\/posts\/714\/revisions"}],"predecessor-version":[{"id":715,"href":"https:\/\/karne.pl\/index.php\/wp-json\/wp\/v2\/posts\/714\/revisions\/715"}],"wp:attachment":[{"href":"https:\/\/karne.pl\/index.php\/wp-json\/wp\/v2\/media?parent=714"}],"wp:term":[{"taxonomy":"category","embeddable":true,"href":"https:\/\/karne.pl\/index.php\/wp-json\/wp\/v2\/categories?post=714"},{"taxonomy":"post_tag","embeddable":true,"href":"https:\/\/karne.pl\/index.php\/wp-json\/wp\/v2\/tags?post=714"}],"curies":[{"name":"wp","href":"https:\/\/api.w.org\/{rel}","templated":true}]}}