{"id":707,"date":"2025-12-06T13:59:34","date_gmt":"2025-12-06T12:59:34","guid":{"rendered":"https:\/\/karne.pl\/index.php\/?p=707"},"modified":"2025-12-06T13:59:34","modified_gmt":"2025-12-06T12:59:34","slug":"nielegalna-adopcja-w-swietle-nowelizacji-kodeksu-karnego-w-2019-r","status":"publish","type":"post","link":"https:\/\/karne.pl\/index.php\/nielegalna-adopcja-w-swietle-nowelizacji-kodeksu-karnego-w-2019-r\/","title":{"rendered":"Nielegalna adopcja w \u015bwietle nowelizacji Kodeksu Karnego w 2019 r."},"content":{"rendered":"\n<p><\/p>\n\n\n\n<p>Z dniem 1 lipca 2019 roku wesz\u0142y w \u017cycie zmiany w Kodeksie karnym, kt\u00f3re zaostrzy\u0142y przepisy dotycz\u0105ce nielegalnej adopcji. Zgodnie z art. 211a K.K., osoba, kt\u00f3ra dokonuje nielegalnej adopcji dziecka, podlega karze pozbawienia wolno\u015bci od 6 miesi\u0119cy do 5 lat. Przepis ten ma na celu ukr\u00f3cenie niezgodnych z prawem procedur adopcyjnych, w tym handlu dzie\u0107mi i wy\u0142udze\u0144 zwi\u0105zanych z adopcj\u0105.<\/p>\n\n\n\n<p>Nielegalna adopcja to ka\u017cde dzia\u0142anie, kt\u00f3re polega na pozyskiwaniu dziecka do adopcji<br>z naruszeniem przepis\u00f3w prawa. Obejmuje to zar\u00f3wno manipulacj\u0119 dokumentacj\u0105, jak<br>i po\u015bredniczenie w adopcji, kt\u00f3ra nie spe\u0142nia wymog\u00f3w formalnych. Zmiany z 2019 roku rozszerzaj\u0105 odpowiedzialno\u015b\u0107 na wszystkie osoby zaanga\u017cowane w proceder, w tym po\u015brednik\u00f3w i organizator\u00f3w.<\/p>\n\n\n\n<p>Nowelizacja z 2019 roku odpowiada na rosn\u0105c\u0105 liczb\u0119 przypadk\u00f3w nielegalnych adopcji, zar\u00f3wno w Polsce, jak i na \u015bwiecie. Wprowadzenie surowszych sankcji ma na celu ochron\u0119 dzieci przed nieuczciwymi praktykami. Przypisanie odpowiedzialno\u015bci r\u00f3wnie\u017c osobom po\u015brednicz\u0105cym w nielegalnych adopcjach zapewnia wi\u0119ksz\u0105 skuteczno\u015b\u0107 w walce z tym procederem.<\/p>\n\n\n\n<p>Zmiany w prawie maj\u0105 na celu zwi\u0119kszenie ochrony dzieci oraz popraw\u0119 przejrzysto\u015bci proces\u00f3w adopcyjnych. Prawnicy i instytucje zajmuj\u0105ce si\u0119 adopcjami musz\u0105 szczeg\u00f3lnie dba\u0107 o weryfikacj\u0119 dokument\u00f3w i \u015bcis\u0142\u0105 wsp\u00f3\u0142prac\u0119 z organami \u015bcigania. Nowe przepisy pomagaj\u0105 budowa\u0107 zaufanie do legalnych procedur adopcyjnych, zapewniaj\u0105c wi\u0119ksze bezpiecze\u0144stwo dzieciom i ich przysz\u0142ym rodzinom.<\/p>\n\n\n\n<p>Wprowadzenie art. 211a K.K. w 2019 roku stanowi istotn\u0105 zmian\u0119 w prawie, w szczeg\u00f3lno\u015bci \u00a7&nbsp;2 artyku\u0142u podkre\u015blaj\u0105cy, i\u017c rodzic z pe\u0142n\u0105 w\u0142adz\u0105 rodzicielsk\u0105 oddaj\u0105cy dziecko do nielegalnej adopcji, w celu korzy\u015bci maj\u0105tkowej lub osobistej albo z pomini\u0119ciem procedury w sprawie o przysposobienie, podlega tej samej karze co organizator adopcji.<\/p>\n","protected":false},"excerpt":{"rendered":"<p>Z dniem 1 lipca 2019 roku wesz\u0142y w \u017cycie zmiany w Kodeksie karnym, kt\u00f3re zaostrzy\u0142y przepisy dotycz\u0105ce nielegalnej adopcji. Zgodnie z art. 211a K.K., osoba, kt\u00f3ra dokonuje nielegalnej adopcji dziecka, podlega karze pozbawienia wolno\u015bci od 6 miesi\u0119cy do 5 lat. Przepis ten ma na celu ukr\u00f3cenie niezgodnych z prawem procedur adopcyjnych, w tym handlu dzie\u0107mi [&hellip;]<\/p>\n","protected":false},"author":3,"featured_media":0,"comment_status":"closed","ping_status":"open","sticky":false,"template":"wp-custom-template-pojedynczy-wpis-pl","format":"standard","meta":{"footnotes":""},"categories":[230],"tags":[],"class_list":["post-707","post","type-post","status-publish","format-standard","hentry","category-news-pl"],"_links":{"self":[{"href":"https:\/\/karne.pl\/index.php\/wp-json\/wp\/v2\/posts\/707","targetHints":{"allow":["GET"]}}],"collection":[{"href":"https:\/\/karne.pl\/index.php\/wp-json\/wp\/v2\/posts"}],"about":[{"href":"https:\/\/karne.pl\/index.php\/wp-json\/wp\/v2\/types\/post"}],"author":[{"embeddable":true,"href":"https:\/\/karne.pl\/index.php\/wp-json\/wp\/v2\/users\/3"}],"replies":[{"embeddable":true,"href":"https:\/\/karne.pl\/index.php\/wp-json\/wp\/v2\/comments?post=707"}],"version-history":[{"count":1,"href":"https:\/\/karne.pl\/index.php\/wp-json\/wp\/v2\/posts\/707\/revisions"}],"predecessor-version":[{"id":708,"href":"https:\/\/karne.pl\/index.php\/wp-json\/wp\/v2\/posts\/707\/revisions\/708"}],"wp:attachment":[{"href":"https:\/\/karne.pl\/index.php\/wp-json\/wp\/v2\/media?parent=707"}],"wp:term":[{"taxonomy":"category","embeddable":true,"href":"https:\/\/karne.pl\/index.php\/wp-json\/wp\/v2\/categories?post=707"},{"taxonomy":"post_tag","embeddable":true,"href":"https:\/\/karne.pl\/index.php\/wp-json\/wp\/v2\/tags?post=707"}],"curies":[{"name":"wp","href":"https:\/\/api.w.org\/{rel}","templated":true}]}}