{"id":689,"date":"2025-08-20T13:18:25","date_gmt":"2025-08-20T11:18:25","guid":{"rendered":"https:\/\/karne.pl\/index.php\/?p=689"},"modified":"2025-08-20T13:18:25","modified_gmt":"2025-08-20T11:18:25","slug":"ochrona-zycia-prywatnego","status":"publish","type":"post","link":"https:\/\/karne.pl\/index.php\/ochrona-zycia-prywatnego\/","title":{"rendered":"Ochrona \u017cycia prywatnego"},"content":{"rendered":"\n<p><\/p>\n\n\n\n<p>Przest\u0119pstwo z art. 223a k.k. jest zachowaniem, kt\u00f3re polega na publicznym nawo\u0142ywaniu do udost\u0119pnienia informacji z \u017cycia prywatnego funkcjonariuszy organu powo\u0142anego do ochrony bezpiecze\u0144stwa publicznego albo funkcjonariusza S\u0142u\u017cby Wi\u0119ziennej (i nie tylko, poniewa\u017c dotyczy to r\u00f3wnie\u017c ich najbli\u017cszych cz\u0142onk\u00f3w rodziny).<\/p>\n\n\n\n<p>Warto podkre\u015bli\u0107, i\u017c przepis artyku\u0142u nie odnosi si\u0119 wy\u0142\u0105cznie do funkcjonariuszy organu powo\u0142anego do ochrony bezpiecze\u0144stwa publicznego albo funkcjonariusza S\u0142u\u017cby Wi\u0119ziennej sprawuj\u0105cych czynn\u0105 s\u0142u\u017cb\u0119, ale r\u00f3wnie\u017c do emerytowanych, natomiast w takim przypadku musimy mie\u0107 zwi\u0105zek z ich wcze\u015bniejsz\u0105 dzia\u0142alno\u015bci\u0105 sprawowan\u0105 w trakcie trwania s\u0142u\u017cby.<\/p>\n\n\n\n<p>Dobrem prawnie chronionym, czyli dobrem materialnym lub niematerialnym, kt\u00f3re jest pozytywnie warto\u015bciowane przez spo\u0142ecze\u0144stwo jest w tym przypadku bezpiecze\u0144stwo osobiste funkcjonariuszy (zgodnie z definicj\u0105 funkcjonariusza zawart\u0105 w art. 115 \u00a713 pkt 7 Kodeksu Karnego) wykonuj\u0105cych zadania w interesie publicznym oraz porz\u0105dek konstytucyjny. W czasach nieustannie rozwijaj\u0105cej si\u0119 cyfryzacji, najbardziej powszechnym miejscem styczno\u015bci z przest\u0119pstwem z art. 223a k.k. jest Internet, a przede wszystkim media spo\u0142eczno\u015bciowe. Co wi\u0119cej, jednostki cz\u0119sto uwa\u017caj\u0105, i\u017c w \u015bwiecie cyfrowym pozostaj\u0105 one bezkarne, natomiast nic bardziej mylnego, gdy\u017c ich zachowanie (uznane za czyn zabroniony) jest zagro\u017cone kar\u0105 pozbawienia wolno\u015bci do lat 3.<\/p>\n\n\n\n<figure class=\"wp-block-table\"><table class=\"has-fixed-layout\"><tbody><tr><td><\/td><\/tr><tr><td><\/td><td><img loading=\"lazy\" decoding=\"async\" width=\"585\" height=\"5\" src=\"\"><\/td><\/tr><\/tbody><\/table><\/figure>\n\n\n\n<p>Art. 223b k.k. odnosi si\u0119 do sfery osobistej funkcjonariusza organu powo\u0142anego do ochrony bezpiecze\u0144stwa publicznego, gdy\u017c dotyczy udost\u0119pnienia informacji o \u017cyciu prywatnym, kt\u00f3re stanowi potencjalne zagro\u017cenie dla jego bezpiecze\u0144stwa b\u0105d\u017a te\u017c jego osoby bliskiej.<\/p>\n\n\n\n<p>Przepis artyku\u0142u jest niezwykle istotny dla zapewnienia strefy komfortu i poczucia spokoju dla rodziny pewnej grupy funkcjonariuszy, gdy\u017c oni mog\u0105 by\u0107 jeszcze w wi\u0119kszym stopniu nara\u017ceni na naruszenie ich integralno\u015bci \u017cycia prywatnego. Funkcjonariusze organu powo\u0142anego do ochrony bezpiecze\u0144stwa publicznego lub te\u017c S\u0142u\u017cby Wi\u0119ziennej ,ze wzgl\u0119du na swoj\u0105 dzia\u0142alno\u015b\u0107 zawodow\u0105 silnie powi\u0105zan\u0105 ze zwalczaniem przest\u0119pczo\u015bci s\u0105 bardzo nara\u017ceni na dzia\u0142ania odwetowe.<\/p>\n\n\n\n<p>Przedmiotem ochrony, podobnie jak w przypadku art. 223a k.k. jest dobro prawne, jako bezpiecze\u0144stwo osobiste, a tak\u017ce ochrona pa\u0144stwa. Interes indywidualny, kt\u00f3ry podlega ochronie, obejmuje prywatno\u015b\u0107 \u2013 rozumian\u0105 nie tylko jako jego \u017cycie osobiste, ale r\u00f3wnie\u017c jako obszar maj\u0105cy znaczenie dla jego personalnego bezpiecze\u0144stwa. Dotyczy to m.in. ochrony danych osobowych, adresu zamieszkania, informacji o rodzinie czy codziennych zwyczaj\u00f3w. Z kolei interes publiczny polega na zapewnieniu sprawnego dzia\u0142ania s\u0142u\u017cb pa\u0144stwowych odpowiedzialnych za bezpiecze\u0144stwo i porz\u0105dek publiczny. Aby ten cel by\u0142 mo\u017cliwy do osi\u0105gni\u0119cia, konieczna jest ich ochrona przed ujawnianiem informacji, kt\u00f3re mog\u0105 nara\u017ca\u0107 ich na ryzyko.<\/p>\n\n\n\n<p>Wprowadzenie przepis\u00f3w karnych penalizuj\u0105cych upublicznianie prywatnych danych funkcjonariuszy (zgodnie z definicj\u0105 zawart\u0105 w art. 115 \u00a713 pkt 7) w sytuacjach mog\u0105cych prowadzi\u0107 do zagro\u017cenia ich zdrowia lub \u017cycia, ma zapobiega\u0107 tzw. presji zastraszaj\u0105cej \u2013 niezale\u017cnie od tego, czy jej \u017ar\u00f3d\u0142em s\u0105 grupy przest\u0119pcze, czy dzia\u0142ania inspirowane ideologicznie.<\/p>\n","protected":false},"excerpt":{"rendered":"<p>Przest\u0119pstwo z art. 223a k.k. jest zachowaniem, kt\u00f3re polega na publicznym nawo\u0142ywaniu do udost\u0119pnienia informacji z \u017cycia prywatnego funkcjonariuszy organu powo\u0142anego do ochrony bezpiecze\u0144stwa publicznego albo funkcjonariusza S\u0142u\u017cby Wi\u0119ziennej (i nie tylko, poniewa\u017c dotyczy to r\u00f3wnie\u017c ich najbli\u017cszych cz\u0142onk\u00f3w rodziny). Warto podkre\u015bli\u0107, i\u017c przepis artyku\u0142u nie odnosi si\u0119 wy\u0142\u0105cznie do funkcjonariuszy organu powo\u0142anego do ochrony [&hellip;]<\/p>\n","protected":false},"author":3,"featured_media":0,"comment_status":"closed","ping_status":"open","sticky":false,"template":"wp-custom-template-pojedynczy-wpis-pl","format":"standard","meta":{"footnotes":""},"categories":[230],"tags":[],"class_list":["post-689","post","type-post","status-publish","format-standard","hentry","category-news-pl"],"_links":{"self":[{"href":"https:\/\/karne.pl\/index.php\/wp-json\/wp\/v2\/posts\/689","targetHints":{"allow":["GET"]}}],"collection":[{"href":"https:\/\/karne.pl\/index.php\/wp-json\/wp\/v2\/posts"}],"about":[{"href":"https:\/\/karne.pl\/index.php\/wp-json\/wp\/v2\/types\/post"}],"author":[{"embeddable":true,"href":"https:\/\/karne.pl\/index.php\/wp-json\/wp\/v2\/users\/3"}],"replies":[{"embeddable":true,"href":"https:\/\/karne.pl\/index.php\/wp-json\/wp\/v2\/comments?post=689"}],"version-history":[{"count":1,"href":"https:\/\/karne.pl\/index.php\/wp-json\/wp\/v2\/posts\/689\/revisions"}],"predecessor-version":[{"id":690,"href":"https:\/\/karne.pl\/index.php\/wp-json\/wp\/v2\/posts\/689\/revisions\/690"}],"wp:attachment":[{"href":"https:\/\/karne.pl\/index.php\/wp-json\/wp\/v2\/media?parent=689"}],"wp:term":[{"taxonomy":"category","embeddable":true,"href":"https:\/\/karne.pl\/index.php\/wp-json\/wp\/v2\/categories?post=689"},{"taxonomy":"post_tag","embeddable":true,"href":"https:\/\/karne.pl\/index.php\/wp-json\/wp\/v2\/tags?post=689"}],"curies":[{"name":"wp","href":"https:\/\/api.w.org\/{rel}","templated":true}]}}