{"id":59,"date":"2017-09-06T19:19:46","date_gmt":"2017-09-06T17:19:46","guid":{"rendered":"http:\/\/karne.pl\/prawo\/?p=59"},"modified":"2025-06-13T22:36:46","modified_gmt":"2025-06-13T20:36:46","slug":"zmiany-w-prawie-karnym-w-2017r","status":"publish","type":"post","link":"https:\/\/karne.pl\/index.php\/zmiany-w-prawie-karnym-w-2017r\/","title":{"rendered":"Zmiany w prawie karnym w 2017r."},"content":{"rendered":"<p>Dnia 23 marca 2017 r. uchwalone zosta\u0142y cztery ustawy  o zmianie kodeksu karnego i niekt\u00f3rych innych ustaw:<\/p>\n<table>\n<tbody>\n<tr>\n<td>Dziennik Ustaw<\/td>\n<td>Data dziennika<\/td>\n<td>Vacatio legis<\/td>\n<td>Data wej\u015bcia w \u017cycie<\/td>\n<\/tr>\n<tr>\n<td>Poz. 768<\/td>\n<td>12.04.17<\/td>\n<td>14 dni<\/td>\n<td>27.04.17<\/td>\n<\/tr>\n<tr>\n<td>Poz. 773<\/td>\n<td>12.04.17<\/td>\n<td>3 msc<\/td>\n<td>13.07.17<\/td>\n<\/tr>\n<tr>\n<td>Poz. 952<\/td>\n<td>16.05.17<\/td>\n<td>14 dni<\/td>\n<td>31.05.17<\/td>\n<\/tr>\n<tr>\n<td>Poz. 966<\/td>\n<td>17.05.17<\/td>\n<td>14 dni (opr\u00f3cz art. 5 pkt 1)<\/td>\n<td>01.06.17<\/td>\n<\/tr>\n<\/tbody>\n<\/table>\n<ul>\n<li>Ustawa z 23 marca 2017 r., wesz\u0142a w \u017cycie 27 kwietnia 2017 r. (poz. 768)<br \/>\nDo najwa\u017cniejszych zmian nowelizacji mo\u017cna zaliczy\u0107 wprowadzenie<\/p>\n<ul>\n<li>art. 44a oraz nadanie nowego brzmienia art. 45, 45a oraz 47 Kodeksu karnego.<br \/>\nArt. 44a kk wprowadza mo\u017cliwo\u015b\u0107 orzeczenia przepadku przedsi\u0119biorstwa s\u0142u\u017c\u0105cego do pope\u0142nienia przest\u0119pstwa lub ukrycia korzy\u015bci z przest\u0119pstwa. Przepadek mo\u017ce by\u0107 orzeczony w razie skazania za przest\u0119pstwo, z kt\u00f3rego pope\u0142nienia sprawca osi\u0105gn\u0105\u0142 korzy\u015b\u0107 maj\u0105tkow\u0105 znacznej warto\u015bci. Przedmiotowe przedsi\u0119biorstwo mo\u017ce by\u0107 w\u0142asno\u015bci\u0105 skazanego, jego wsp\u00f3\u0142w\u0142asno\u015bci\u0105 lub nie nale\u017ce\u0107 do skazanego (o ile w\u0142a\u015bciciel chcia\u0142 aby przedsi\u0119biorstwo s\u0142u\u017cy\u0142o do pope\u0142nienia przest\u0119pstwa lub ukrycia korzy\u015bci lub przynajmniej przewidywa\u0142 tak\u0105 mo\u017cliwo\u015b\u0107 i si\u0119 na to godzi\u0142).<br \/>\nPrzepadku nie orzeka si\u0119 je\u017celi: by\u0142oby to niewsp\u00f3\u0142mierne do wagi przest\u0119pstwa, wyst\u0105pi\u0142aby znacz\u0105ca dysproporcja pomi\u0119dzy szkod\u0105 wynik\u0142\u0105 z przest\u0119pstwa a warto\u015bci\u0105 przedsi\u0119biorstwa lub gdy wyst\u0105pi\u0105 inne szczeg\u00f3lnie uzasadnione przypadki, w kt\u00f3rych przepadek by\u0142by dla w\u0142a\u015bciciela przedsi\u0119biorstwa niewsp\u00f3\u0142miernie dolegliwy.<\/li>\n<li>Art. 45 kk, w dotychczasowym brzmieniu, wprowadza\u0142 domniemanie, \u017ce wszelkie mienie zdobyte przez skazanego &lt;za przest\u0119pstwo, z kt\u00f3rego uzyskana zosta\u0142a korzy\u015b\u0107 znacznej warto\u015bci&gt;, w okresie od pope\u0142nienia przest\u0119pstwa do wydania wyroku (cho\u0107by nieprawomocnego), uwa\u017cane by\u0142o za korzy\u015b\u0107 uzyskan\u0105 z przest\u0119pstwa. Nowelizacja zar\u00f3wno rozszerza katalog przest\u0119pstw przy kt\u00f3rych \u201edzia\u0142a domniemanie\u201d (np. przest\u0119pstwa zagro\u017cone kar\u0105 do 5 lat pozbawienia wolno\u015bci, z kt\u00f3rych uzyskana zosta\u0142a korzy\u015b\u0107 maj\u0105tkowa, czy przest\u0119pstwa pope\u0142nione w zorganizowanej grupie) jak r\u00f3wnie\u017c wyd\u0142u\u017ca okres stosowania domniemania \u2013 wszelkie mienie, kt\u00f3re sprawca obj\u0105\u0142 we w\u0142adanie lub do kt\u00f3rego uzyska\u0142 jakikolwiek tytu\u0142 uzyskane w okresie 5 lat przez pope\u0142nieniem przest\u0119pstwa do wydania wyroku (cho\u0107by nieprawomocnego).<br \/>\nDodatkowo za korzy\u015b\u0107 z przest\u0119pstwa uwa\u017ca si\u0119 po\u017cytki z rzeczy stanowi\u0105cych t\u0119 korzy\u015b\u0107.<br \/>\nNowelizacja z 23 kwietnia 2017 r. przewiduje, w przepisach intertemporalnych (art. 23), \u017ce art. 45 i 45a kk w nowym brzmieniu stosowa\u0107 nale\u017cy r\u00f3wnie\u017c do stan\u00f3w faktycznych sprzed 27 kwietnia 2017 r.<\/li>\n<li>Zgodnie z brzmieniem nowego art. 45a kk przepadek mo\u017ce zosta\u0107 orzeczony nawet w razie \u015bmierci lub niewykrycia sprawcy albo zawieszenia post\u0119powania z powodu niemo\u017cliwo\u015bci uj\u0119cia oskar\u017conego lub gdy nie mo\u017ce on bra\u0107 udzia\u0142u w post\u0119powaniu z powodu choroby psychicznej lub innej.<\/li>\n<\/ul>\n<\/li>\n<li>Ustawa z 23 marca 2017 r., wesz\u0142a w \u017cycie 13 lipca 2017 r. (poz. 773)<\/li>\n<\/ul>\n<p>Nowelizacja ta zaostrza odpowiedzialno\u015b\u0107 karn\u0105 za przest\u0119pstwa, w kt\u00f3rych poszkodowanymi s\u0105 osoby nieporadne  ze wzgl\u0119du na wiek, stan psychiczny lub fizyczny. W szczeg\u00f3lno\u015bci zmieni\u0142 si\u0119 wymiar kary za:<\/p>\n<table>\n<tbody>\n<tr>\n<td>Art.<\/td>\n<td>Przest\u0119pstwo<\/td>\n<td>Stary wymiar kary<\/td>\n<td>Nowy wymiar kary<\/td>\n<\/tr>\n<tr>\n<td>156<\/td>\n<td>Spowodowanie ci\u0119\u017ckiego uszczerbku na zdrowiu<\/td>\n<td>Od 1 do 10 lat pozbawienia wolno\u015bci<\/td>\n<td>Od 3 lat pozbawienia wolno\u015bci<\/td>\n<\/tr>\n<tr>\n<td>156<\/td>\n<td>Spowodowanie ci\u0119\u017ckiego uszczerbku na zdrowiu, w wyniku kt\u00f3rego pokrzywdzony umrze<\/td>\n<td>Od 2 do 12 lat pozbawienia wolno\u015bci<\/td>\n<td>Od 5 lat pozbawienia wolno\u015bci; 25 lat pozbawienia wolno\u015bci lub do\u017cywotnie pozbawienie wolno\u015bci<\/td>\n<\/tr>\n<tr>\n<td>189 \u00a7 2 i 2a<\/td>\n<td>Bezprawne pozbawienie wolno\u015bci  osoby nieporadnej  ze wzgl\u0119du na wiek, stan psychiczny lub fizyczny na ponad 7 dni<\/td>\n<td>Nie istnia\u0142o lex specialis dla os\u00f3b nieporadnych, a wymiar kary lex generalis wynosi\u0142  od roku do 10 lat pozbawienia wolno\u015bci<\/td>\n<td>Od 2 do 12 lat pozbawienia wolno\u015bci<\/td>\n<\/tr>\n<tr>\n<td>207<\/td>\n<td>Zn\u0119canie si\u0119 fizyczne lub psychiczne nad osob\u0105 nieporadn\u0105  ze wzgl\u0119du na wiek, stan psychiczny lub fizyczny<\/td>\n<td>Nie istnia\u0142o lex specialis dla os\u00f3b nieporadnych, a wymiar kary lex generalis wynosi\u0142  od 3 msc do 5 lat pozbawienia wolno\u015bci<\/td>\n<td>6 msc do 8 lat pozbawienia wolno\u015bci<\/td>\n<\/tr>\n<tr>\n<td>210<\/td>\n<td>Porzucenie osoby nieporadnej  ze wzgl\u0119du na wiek, stan psychiczny lub fizyczny wbrew obowi\u0105zkowi troszczenia si\u0119 o ni\u0105<\/td>\n<td>Do 3 lat pozbawienia wolno\u015bci<\/td>\n<td>Od 3 msc do 5 lat pozbawienia wolno\u015bci<\/td>\n<\/tr>\n<tr>\n<td>210<\/td>\n<td>\u015amier\u0107 wskutek porzucenia osoby nieporadnej<\/td>\n<td>Od 6 msc do 8 lat pozbawienia wolno\u015bci<\/td>\n<td>Od 2 do 12 lat pozbawienia wolno\u015bci<\/td>\n<\/tr>\n<tr>\n<td>211<\/td>\n<td>Uprowadzenie lub zatrzymanie ma\u0142oletniego lub osoby nieporadnej  ze wzgl\u0119du na wiek, stan psychiczny lub fizyczny wbrew woli opiekuna<\/td>\n<td>Do 3 lat pozbawienia wolno\u015bci<\/td>\n<td>Od 3 msc do 5 lat pozbawienia wolno\u015bci<\/td>\n<\/tr>\n<\/tbody>\n<\/table>\n<p>Dodatkowo do katalogu w art. 240 kk dodano art. 156, art. 197 \u00a73,\u00a74; art 198 oraz art. 200, a wi\u0119c karalne staje si\u0119 niepowiadomienie odpowiedniego organu powo\u0142anego do \u015bcigania przest\u0119pstw o przygotowaniu lub usi\u0142owaniu:<\/p>\n<ul>\n<li>spowodowania ci\u0119\u017ckiego uszczerbku na zdrowiu;<\/li>\n<li>zgwa\u0142cenia ze szczeg\u00f3lnym okrucie\u0144stwem; wobec cz\u0142onka rodziny, wobec ma\u0142oletniego oraz wsp\u00f3lnie z inn\u0105 osob\u0105;<\/li>\n<li>seksualnego wykorzystania niepoczytalno\u015bci lub bezradno\u015bci;<br \/>\nseksualnego wykorzystania ma\u0142oletniego.<\/li>\n<\/ul>\n<p><strong><br \/>\n3.  Ustawa z 23 marca 2017 r., wesz\u0142a w \u017cycie 31 maja 2017 r. (poz. 952)<\/strong><\/p>\n<p>Zmiany wprowadzone t\u0105 ustaw\u0105 dotycz\u0105 wprowadzenia nowych zasad dotycz\u0105cych uporczywego uchylania si\u0119 od ponoszenia obowi\u0105zku alimentacyjnego. We wcze\u015bniejszym brzmieniu przepisu kryminalizowana by\u0142o jedynie nie-alimentacja, kt\u00f3rej skutkiem by\u0142o nara\u017cenie uprawnionego na niemo\u017cno\u015b\u0107 zaspokojenia podstawowych potrzeb \u017cyciowych, (kara grzywny, ograniczenia wolno\u015bci lub pozbawienia wolno\u015bci do lat 2). Przepis nie doprecyzowywa\u0142 s\u0142owa uporczywa \u2013 nie nadawa\u0142 mu ram czasowych ani nie okre\u015bla\u0142 minimum niespe\u0142nionych \u015bwiadcze\u0144.<br \/>\nW nowej wersji przepisu odpowiedzialno\u015bci karnej podlega\u0107 b\u0119dzie d\u0142u\u017cnik alimentacyjny, je\u017celi <strong>\u0142\u0105czna wysoko\u015b\u0107 zaleg\u0142o\u015bci wynosi r\u00f3wnowarto\u015b\u0107 co najmniej 3 \u015bwiadcze\u0144 okresowych<\/strong>, albo, je\u017celi chodzi o \u015bwiadczenie nie okresowe \u2013 je\u015bli <strong>op\u00f3\u017anienie w zap\u0142acie wynosi  co najmniej 3 miesi\u0105ce.<\/strong> Paragraf 1 przepisu nie zawiera jednak warunku, jak to by\u0142o w poprzednim stanie prawnym, aby skutkiem zaniechania by\u0142o nara\u017cenie uprawnionego na niemo\u017cno\u015b\u0107 zaspokojenia podstawowych potrzeb \u017cyciowych. Taka \u201epodstawowa nie-alimentacja\u201d zagro\u017cona jest kar\u0105  kara grzywny, ograniczenia wolno\u015bci lub pozbawienia wolno\u015bci do roku.<br \/>\nNowo dodany paragraf 1a wprowadza lex specialis \u2013 je\u017celi  skutkiem zaniechania by\u0142o nara\u017cenie uprawnionego na niemo\u017cno\u015b\u0107 zaspokojenia podstawowych potrzeb \u017cyciowych d\u0142u\u017cnikowi alimentacyjnemu grozi kara grzywny, ograniczenia wolno\u015bci lub pozbawienia wolno\u015bci do lat 2. Jest to zatem regulacja sprzed nowelizacji z dodanym warunkiem minimalnie 3 niezap\u0142aconych \u015bwiadcze\u0144 okresowych lub 3 miesi\u0119czn\u0105 zw\u0142ok\u0105 w spe\u0142nieniu \u015bwiadczenia nieokresowego.<br \/>\nUstawodawca przewiduje tak\u017ce \u201efurtk\u0119\u201d dla d\u0142u\u017cnika \u2013 nie zostanie on ukarany je\u017celi nale\u017cno\u015b\u0107 pokryje w terminie do 30 dni od dnia pierwszego przes\u0142uchania w charakterze podejrzanego.<\/p>\n<p><strong>4.  Ustawa z 23 marca 2017 r., wesz\u0142a w \u017cycie 1 czerwca 2017 r. (poz. 966)<\/strong><\/p>\n<p>Ustawa dotyczy zaostrzenia wymiaru kary za przest\u0119pstwa drogowe.<br \/>\nW stanie prawnym sprzed czerwca 2017 r. osobie powoduj\u0105cej katastrof\u0119 w komunikacji, bezpo\u015brednie niebezpiecze\u0144stwo katastrofy lub wypadek w komunikacji, kt\u00f3ra znajdowa\u0142a si\u0119 w stanie nietrze\u017awo\u015bci, pod wp\u0142ywem \u015brodka odurzaj\u0105cego lub zbieg\u0142a z miejsca zdarzenia, grozi\u0142a kara pozbawienia wolno\u015bci pd dolnej granicy kary za to przest\u0119pstwo zwi\u0119kszonej o po\u0142ow\u0119 do g\u00f3rnej granicy kary zwi\u0119kszonej o po\u0142ow\u0119. Regulacja ta pozosta\u0142a niezmieniona z wyj\u0105tkiem podwy\u017cszenia granicy kary za spowodowanie wypadku \u015bmiertelnego pod wp\u0142ywem u\u017cywek (lub je\u015bli sprawca zbieg\u0142): od 2 lat pozbawienia wolno\u015bci do g\u00f3rnej granicy podwy\u017cszonej o po\u0142ow\u0119.<br \/>\nDodany art. 178b kryminalizuje nie zatrzymanie pojazdu na polecenie osoby uprawnionej do kontroli ruchy drogowego (najcz\u0119\u015bciej jest to policja w radiowozie), przewiduj\u0105c kar\u0119 pozbawienia wolno\u015bci od 3 miesi\u0119cy do 5 lat.<br \/>\nWy\u017cszy wymiar kary, bo od 3 miesi\u0119cy do 5 lat pozbawienia wolno\u015bci (kiedy\u015b do 3 lat pozbawienia wolno\u015bci), grozi za nie stosowanie si\u0119 do orzeczonych przez s\u0105d \u015brodk\u00f3w karnych, w tym r\u00f3wnie\u017c zakazu prowadzenia pojazd\u00f3w.<br \/>\nWreszcie do art. 42 dodano \u00a7 1a, zgodnie z kt\u00f3rym s\u0105d obligatoryjnie orzeka zakaz prowadzenia wszelkich pojazd\u00f3w w razie skazania za:<\/p>\n<ul>\n<li>nie zatrzymanie pojazdu na polecenie osoby  uprawnionej do kontroli ruchy drogowego (art. 178b)<\/li>\n<li>prowadzenie pojazdu po cofni\u0119ciu uprawnie\u0144 (art. 180a)<\/li>\n<li>nie zastosowanie si\u0119 do orzeczonego przez s\u0105d zakazu prowadzenia pojazd\u00f3w.<\/li>\n<\/ul>\n","protected":false},"excerpt":{"rendered":"<p>Dnia 23 marca 2017 r. uchwalone zosta\u0142y cztery ustawy o zmianie kodeksu karnego i niekt\u00f3rych innych ustaw: Dziennik Ustaw Data dziennika Vacatio legis Data wej\u015bcia w \u017cycie Poz. 768 12.04.17 14 dni 27.04.17 Poz. 773 12.04.17 3 msc 13.07.17 Poz. 952 16.05.17 14 dni 31.05.17 Poz. 966 17.05.17 14 dni (opr\u00f3cz art. 5 pkt 1) [&hellip;]<\/p>\n","protected":false},"author":5,"featured_media":0,"comment_status":"open","ping_status":"closed","sticky":false,"template":"wp-custom-template-pojedynczy-wpis-pl","format":"standard","meta":{"footnotes":""},"categories":[230],"tags":[12,3,6,13,14],"class_list":["post-59","post","type-post","status-publish","format-standard","hentry","category-news-pl","tag-12","tag-karne","tag-prawo","tag-przepisy","tag-ustawy"],"_links":{"self":[{"href":"https:\/\/karne.pl\/index.php\/wp-json\/wp\/v2\/posts\/59","targetHints":{"allow":["GET"]}}],"collection":[{"href":"https:\/\/karne.pl\/index.php\/wp-json\/wp\/v2\/posts"}],"about":[{"href":"https:\/\/karne.pl\/index.php\/wp-json\/wp\/v2\/types\/post"}],"author":[{"embeddable":true,"href":"https:\/\/karne.pl\/index.php\/wp-json\/wp\/v2\/users\/5"}],"replies":[{"embeddable":true,"href":"https:\/\/karne.pl\/index.php\/wp-json\/wp\/v2\/comments?post=59"}],"version-history":[{"count":1,"href":"https:\/\/karne.pl\/index.php\/wp-json\/wp\/v2\/posts\/59\/revisions"}],"predecessor-version":[{"id":466,"href":"https:\/\/karne.pl\/index.php\/wp-json\/wp\/v2\/posts\/59\/revisions\/466"}],"wp:attachment":[{"href":"https:\/\/karne.pl\/index.php\/wp-json\/wp\/v2\/media?parent=59"}],"wp:term":[{"taxonomy":"category","embeddable":true,"href":"https:\/\/karne.pl\/index.php\/wp-json\/wp\/v2\/categories?post=59"},{"taxonomy":"post_tag","embeddable":true,"href":"https:\/\/karne.pl\/index.php\/wp-json\/wp\/v2\/tags?post=59"}],"curies":[{"name":"wp","href":"https:\/\/api.w.org\/{rel}","templated":true}]}}