{"id":55,"date":"2018-03-05T09:46:11","date_gmt":"2018-03-05T08:46:11","guid":{"rendered":"http:\/\/karne.pl\/prawo\/?p=55"},"modified":"2025-06-13T22:35:42","modified_gmt":"2025-06-13T20:35:42","slug":"kara-laczna-i-wyrok-laczny-czym-wlasciwie-sa-2","status":"publish","type":"post","link":"https:\/\/karne.pl\/index.php\/kara-laczna-i-wyrok-laczny-czym-wlasciwie-sa-2\/","title":{"rendered":"Kara \u0142\u0105czna i wyrok \u0142\u0105czny \u2013 czym w\u0142a\u015bciwie s\u0105?"},"content":{"rendered":"<p>Rozdzia\u0142 IX kodeksu karnego reguluje zasady post\u0119powania w sytuacji zbiegu przest\u0119pstw, a wi\u0119c takich, gdy jedna osoba skazana zostaje za pope\u0142nienie kilku czyn\u00f3w zabronionych. W takich sytuacjach s\u0105dy powinny stosowa\u0107 instytucj\u0119 kary \u0142\u0105cznej, kt\u00f3ra w niekt\u00f3rych przypadkach wydawana jest w toku orzekania, w innych za\u015b w osobnym post\u0119powaniu, dotycz\u0105cym tzw. wyroku \u0142\u0105cznego.<\/p>\n<p>&nbsp;<\/p>\n<p>Kar\u0119 \u0142\u0105czn\u0105 orzec mo\u017cna, zgodnie z art. 81 kodeksu karnego, gdy sprawca pope\u0142ni\u0142 co najmniej dwa przest\u0119pstwa, oraz gdy wymierzono mu za nie kary podlegaj\u0105ce \u0142\u0105czeniu. Co do zasady, \u0142\u0105czeniu ze sob\u0105 podlegaj\u0105 kary grzywny. Po\u0142\u0105czy\u0107 mo\u017cna tak\u017ce kary pozbawienia wolno\u015bci i kary ograniczenia wolno\u015bci \u2013 mo\u017cliwe jest po\u0142\u0105czenie w jednej karze pozbawienia i ograniczenia wolno\u015bci. Po\u0142\u0105czeniu nie podlegaj\u0105 za\u015b:<\/p>\n<p>&nbsp;<\/p>\n<ol>\n<li>Kary za przest\u0119pstwa pope\u0142nione w trakcie wykonywania kary za inne przest\u0119pstwa.<\/li>\n<li>Kary wymierzone za wykroczenia (np. kara aresztu).<\/li>\n<li>Zast\u0119pcze kary pozbawienia wolno\u015bci, np. kara pozbawienia wolno\u015bci orzeczona za niezap\u0142acon\u0105 grzywn\u0119. Warto jednak pami\u0119ta\u0107, \u017ce w przypadku kary zast\u0119pczej orzeczonej za ograniczenie wolno\u015bci, po\u0142\u0105czeniu z innymi karami pozbawienia wolno\u015bci podlega pierwotna kara ograniczenia wolno\u015bci.<\/li>\n<\/ol>\n<p>&nbsp;<\/p>\n<p>Kara \u0142\u0105czna wymierzana jest co najmniej w wysoko\u015bci najwy\u017cszej z kar \u0142\u0105czonych, maksymalnie za\u015b w wysoko\u015bci sumy wszystkich \u0142\u0105czonych kar. Kara ograniczenia wolno\u015bci \u0142\u0105czona z kar\u0105 pozbawienia wolno\u015bci ulega przeliczeniu, zgodnie z za\u0142o\u017ceniem, \u017ce jeden miesi\u0105c ograniczenia wolno\u015bci r\u00f3wna si\u0119 15 dniom pozbawienia wolno\u015bci.<\/p>\n<p>&nbsp;<\/p>\n<p>Dla przyk\u0142adu \u2013 je\u015bli po\u0142\u0105czeniu podlega kara 3 lat pozbawienia wolno\u015bci, kara 1 roku i 6 miesi\u0119cy pozbawienia wolno\u015bci oraz kara 2 lat i 8 miesi\u0119cy pozbawienia wolno\u015bci, najni\u017csza kara \u0142\u0105czna mo\u017cliwa do wymierzenia wynosi\u0107 b\u0119dzie 3 lata, najwy\u017csza za\u015b \u2013 7 lat i 2 miesi\u0105ce.<\/p>\n<p>&nbsp;<\/p>\n<p>W drugim przyk\u0142adzie, po\u0142\u0105czeniu podlega kata 8 miesi\u0119cy pozbawienia wolno\u015bci, 6 miesi\u0119cy ograniczenia wolno\u015bci, 12 miesi\u0119cy ograniczenia wolno\u015bci i 3 miesi\u0119cy pozbawienia wolno\u015bci. Najni\u017csza mo\u017cliwa kara to 8 miesi\u0119cy pozbawienia wolno\u015bci, najwy\u017csza za\u015b \u2013 1 rok i 8 miesi\u0119cy pozbawienia wolno\u015bci (gdy\u017c, po przeliczeniu, kary ograniczenia wolno\u015bci stanowi\u0105 odpowiednio 90 i 180 dni pozbawienia wolno\u015bci, a wi\u0119c 3 i 6 miesi\u0119cy).<\/p>\n<p>&nbsp;<\/p>\n<p>W przypadku, gdy suma kar podlegaj\u0105cych \u0142\u0105czeniu wynosi 25 lat pozbawienia wolno\u015bci lub wi\u0119cej, za\u015b jedna z nich wynosi co najmniej 10 lat, mo\u017cliwe jest wymierzenie kary \u0142\u0105cznej 25 lat pozbawienia wolno\u015bci.<\/p>\n<p>&nbsp;<\/p>\n<p>Je\u015bli po\u0142\u0105czeniu podlegaj\u0105 kary z warunkowym zawieszeniem i bez warunkowego zawieszenia, mo\u017cliwe jest warunkowe zawieszenie kary \u0142\u0105cznej, o ile nie b\u0119dzie ona przekracza\u0107 jednego roku. Je\u015bli jednak orzeczona zostanie kara bez warunkowego zawieszenia, kar\u0119 z warunkowym zawieszeniem przelicza si\u0119, przyjmuj\u0105c \u017ce jeden miesi\u0105c kary pozbawienia wolno\u015bci z warunkowym zawieszeniem r\u00f3wny jest 15 dniom tej kary bez zawieszenia \u2013 podobnie jak w przypadku kary ograniczenia wolno\u015bci.<\/p>\n","protected":false},"excerpt":{"rendered":"<p>Rozdzia\u0142 IX kodeksu karnego reguluje zasady post\u0119powania w sytuacji zbiegu przest\u0119pstw, a wi\u0119c takich, gdy jedna osoba skazana zostaje za pope\u0142nienie kilku czyn\u00f3w zabronionych. W takich sytuacjach s\u0105dy powinny stosowa\u0107 instytucj\u0119 kary \u0142\u0105cznej, kt\u00f3ra w niekt\u00f3rych przypadkach wydawana jest w toku orzekania, w innych za\u015b w osobnym post\u0119powaniu, dotycz\u0105cym tzw. wyroku \u0142\u0105cznego. &nbsp; Kar\u0119 \u0142\u0105czn\u0105 [&hellip;]<\/p>\n","protected":false},"author":4,"featured_media":0,"comment_status":"open","ping_status":"closed","sticky":false,"template":"wp-custom-template-pojedynczy-wpis-pl","format":"standard","meta":{"footnotes":""},"categories":[230],"tags":[],"class_list":["post-55","post","type-post","status-publish","format-standard","hentry","category-news-pl"],"_links":{"self":[{"href":"https:\/\/karne.pl\/index.php\/wp-json\/wp\/v2\/posts\/55","targetHints":{"allow":["GET"]}}],"collection":[{"href":"https:\/\/karne.pl\/index.php\/wp-json\/wp\/v2\/posts"}],"about":[{"href":"https:\/\/karne.pl\/index.php\/wp-json\/wp\/v2\/types\/post"}],"author":[{"embeddable":true,"href":"https:\/\/karne.pl\/index.php\/wp-json\/wp\/v2\/users\/4"}],"replies":[{"embeddable":true,"href":"https:\/\/karne.pl\/index.php\/wp-json\/wp\/v2\/comments?post=55"}],"version-history":[{"count":1,"href":"https:\/\/karne.pl\/index.php\/wp-json\/wp\/v2\/posts\/55\/revisions"}],"predecessor-version":[{"id":464,"href":"https:\/\/karne.pl\/index.php\/wp-json\/wp\/v2\/posts\/55\/revisions\/464"}],"wp:attachment":[{"href":"https:\/\/karne.pl\/index.php\/wp-json\/wp\/v2\/media?parent=55"}],"wp:term":[{"taxonomy":"category","embeddable":true,"href":"https:\/\/karne.pl\/index.php\/wp-json\/wp\/v2\/categories?post=55"},{"taxonomy":"post_tag","embeddable":true,"href":"https:\/\/karne.pl\/index.php\/wp-json\/wp\/v2\/tags?post=55"}],"curies":[{"name":"wp","href":"https:\/\/api.w.org\/{rel}","templated":true}]}}