{"id":277,"date":"2025-01-02T21:20:05","date_gmt":"2025-01-02T20:20:05","guid":{"rendered":"http:\/\/karne.pl\/prawo\/?p=277"},"modified":"2025-06-13T21:54:35","modified_gmt":"2025-06-13T19:54:35","slug":"obowiazek-doreczania-korespondencji-na-adres-wskazany-przez-podejrzanego","status":"publish","type":"post","link":"https:\/\/karne.pl\/index.php\/obowiazek-doreczania-korespondencji-na-adres-wskazany-przez-podejrzanego\/","title":{"rendered":"Obowi\u0105zek dor\u0119czania korespondencji na adres wskazany przez podejrzanego"},"content":{"rendered":"<p>W wyroku z dnia\u00a011 grudnia 2024 r. S\u0105du Najwy\u017cszego (IV KK 433\/24) s\u0105d rozpoznaj\u0105c kasacj\u0119 wniesion\u0105 przez Rzecznika Praw Obywatelskich na korzy\u015b\u0107 skazanego stwierdzi\u0142, \u017ce podstawowym prawem pods\u0105dnego jest wynikaj\u0105ce z konstytucyjnie gwarantowanego prawa do obrony, uprawnienie do osobistego stawiennictwa i prowadzenia w\u0142asnej obrony w spos\u00f3b bezpo\u015bredni przed s\u0105dem. Oskar\u017cony mo\u017ce zrezygnowa\u0107 z tego, ale warunkiem formalnym dla uczynienia zado\u015b\u0107 podstawowym obowi\u0105zkom wymiaru sprawiedliwo\u015bci w tym zakresie jest prawid\u0142owe powiadomienie go o miejscu i czasie jego sprawy karnej. Tylko w\u00f3wczas osoba mo\u017ce podj\u0105\u0107 racjonaln\u0105 decyzj\u0119 co do w\u0142asnego procesowego stanowiska.<\/p>\n<p>W opisywanej sprawie oskar\u017cony zosta\u0142 niezasadnie pozbawiony swych praw. Podczas pierwszego przes\u0142uchania, S. K. poda\u0142 jako adres zamieszkania: (&#8230;), C. Jednak podczas kolejnego przes\u0142uchania, w kt\u00f3rym wyst\u0119powa\u0142 jako podejrzany, adres ten nie zosta\u0142 ponownie wskazany. W swoich wyja\u015bnieniach S. K. zadeklarowa\u0142, \u017ce nie zamierza utrudnia\u0107 prowadzenia sprawy ani mataczy\u0107, posiada sta\u0142y adres zamieszkania w C. przy ul. (&#8230;), i zapewni\u0142, \u017ce b\u0119dzie stawia\u0142 si\u0119 na ka\u017cde wezwanie oraz nie planuje opuszcza\u0107 kraju. W zwi\u0105zku z tak jednoznaczn\u0105 deklaracj\u0105 podejrzanego dotycz\u0105c\u0105 miejsca zamieszkania, wszelka korespondencja w sprawie powinna by\u0142a by\u0107 kierowana na adres wskazany podczas tego przes\u0142uchania. Tymczasem na ka\u017cdym etapie post\u0119powania, zar\u00f3wno przygotowawczego, jak i s\u0105dowego, korespondencja i zawiadomienia o terminach rozpraw by\u0142y konsekwentnie wysy\u0142ane na wcze\u015bniejszy adres przy (&#8230;), kt\u00f3ry nie odpowiada\u0142 aktualnym danym podanym przez podejrzanego.<\/p>\n","protected":false},"excerpt":{"rendered":"<p>W wyroku z dnia\u00a011 grudnia 2024 r. S\u0105du Najwy\u017cszego (IV KK 433\/24) s\u0105d rozpoznaj\u0105c kasacj\u0119 wniesion\u0105 przez Rzecznika Praw Obywatelskich na korzy\u015b\u0107 skazanego stwierdzi\u0142, \u017ce podstawowym prawem pods\u0105dnego jest wynikaj\u0105ce z konstytucyjnie gwarantowanego prawa do obrony, uprawnienie do osobistego stawiennictwa i prowadzenia w\u0142asnej obrony w spos\u00f3b bezpo\u015bredni przed s\u0105dem. Oskar\u017cony mo\u017ce zrezygnowa\u0107 z tego, ale [&hellip;]<\/p>\n","protected":false},"author":2,"featured_media":0,"comment_status":"open","ping_status":"closed","sticky":false,"template":"wp-custom-template-pojedynczy-wpis-pl","format":"standard","meta":{"footnotes":""},"categories":[230],"tags":[218,63,219,220,221,222],"class_list":["post-277","post","type-post","status-publish","format-standard","hentry","category-news-pl","tag-doreczania-korespondencji","tag-kasacja","tag-podejrzany","tag-rzecznika-praw-obywatelskich","tag-sprawa-karna","tag-wezwanie"],"_links":{"self":[{"href":"https:\/\/karne.pl\/index.php\/wp-json\/wp\/v2\/posts\/277","targetHints":{"allow":["GET"]}}],"collection":[{"href":"https:\/\/karne.pl\/index.php\/wp-json\/wp\/v2\/posts"}],"about":[{"href":"https:\/\/karne.pl\/index.php\/wp-json\/wp\/v2\/types\/post"}],"author":[{"embeddable":true,"href":"https:\/\/karne.pl\/index.php\/wp-json\/wp\/v2\/users\/2"}],"replies":[{"embeddable":true,"href":"https:\/\/karne.pl\/index.php\/wp-json\/wp\/v2\/comments?post=277"}],"version-history":[{"count":1,"href":"https:\/\/karne.pl\/index.php\/wp-json\/wp\/v2\/posts\/277\/revisions"}],"predecessor-version":[{"id":396,"href":"https:\/\/karne.pl\/index.php\/wp-json\/wp\/v2\/posts\/277\/revisions\/396"}],"wp:attachment":[{"href":"https:\/\/karne.pl\/index.php\/wp-json\/wp\/v2\/media?parent=277"}],"wp:term":[{"taxonomy":"category","embeddable":true,"href":"https:\/\/karne.pl\/index.php\/wp-json\/wp\/v2\/categories?post=277"},{"taxonomy":"post_tag","embeddable":true,"href":"https:\/\/karne.pl\/index.php\/wp-json\/wp\/v2\/tags?post=277"}],"curies":[{"name":"wp","href":"https:\/\/api.w.org\/{rel}","templated":true}]}}