{"id":266,"date":"2024-10-11T20:02:52","date_gmt":"2024-10-11T18:02:52","guid":{"rendered":"http:\/\/karne.pl\/prawo\/?p=266"},"modified":"2025-06-13T21:58:02","modified_gmt":"2025-06-13T19:58:02","slug":"nowelizacja-procedury-karnej-daje-nowe-narzedzia-do-walki-z-grozbami","status":"publish","type":"post","link":"https:\/\/karne.pl\/index.php\/nowelizacja-procedury-karnej-daje-nowe-narzedzia-do-walki-z-grozbami\/","title":{"rendered":"Nowelizacja procedury karnej daje nowe narz\u0119dzia do walki z gro\u017abami"},"content":{"rendered":"<p>Powszechnie znany pod nazw\u0105 \u201egro\u017aby karalnej\u201d czyn zabroniony uregulowany<br \/>\nw paragrafie pierwszym art. 190 Kodeksu karnego, zgodnie z jego drugim paragrafem ma charakter przest\u0119pstwa \u015bciganego na wniosek. Znaczy to tyle, \u017ce organy \u015bcigania mog\u0105 podj\u0105\u0107 dzia\u0142ania co do zasady tylko wtedy, je\u017celi osoba pokrzywdzona zg\u0142osi taki wniosek.<br \/>\nOd 1 pa\u017adziernika 2023 r. \u201egro\u017aba karalna\u201d nie jest ju\u017c \u015bcigana tylko na wniosek.<br \/>\nW zwi\u0105zku z nowelizacj\u0105 kodeksu post\u0119powania karnego, kt\u00f3ra tego dnia wesz\u0142a w \u017cycie, organy \u015bcigania uzyska\u0142y mo\u017cliwo\u015b\u0107 wszcz\u0119cia post\u0119powania tak\u017ce w\u00f3wczas, gdy takiego wniosku brak.<br \/>\nMo\u017cliwo\u015b\u0107 wszcz\u0119cia post\u0119powania z urz\u0119du zachodzi w dw\u00f3ch przypadkach:<br \/>\nje\u017celi zachodzi du\u017ce prawdopodobie\u0144stwo, \u017ce niez\u0142o\u017cenie wniosku wynika z obawy pokrzywdzonego przed odwetem;<br \/>\nje\u017celi przemawia za tym interes spo\u0142eczny.<br \/>\nWprowadzenie mo\u017cliwo\u015bci wszcz\u0119cia post\u0119powania z urz\u0119du w tych szczeg\u00f3lnych okoliczno\u015bciach jest wa\u017cnym krokiem w stron\u0119 zapewnienia skuteczniejszej ochrony osobom nara\u017conym na przemoc i gro\u017aby.<br \/>\nMo\u017cna wskaza\u0107 wiele sytuacji, w kt\u00f3rych te regulacje mog\u0105 by\u0107 stosowane. Najbardziej oczywistym przyk\u0142adem s\u0105 przypadki klasycznej agresji s\u0142ownej. Jednak te przepisy mog\u0105 tak\u017ce dostarczy\u0107 organom \u015bcigania nowych narz\u0119dzi w walce z naruszeniami porz\u0105dku publicznego, chocia\u017cby &#8211; z patostreamerami.<\/p>\n","protected":false},"excerpt":{"rendered":"<p>Powszechnie znany pod nazw\u0105 \u201egro\u017aby karalnej\u201d czyn zabroniony uregulowany w paragrafie pierwszym art. 190 Kodeksu karnego, zgodnie z jego drugim paragrafem ma charakter przest\u0119pstwa \u015bciganego na wniosek. Znaczy to tyle, \u017ce organy \u015bcigania mog\u0105 podj\u0105\u0107 dzia\u0142ania co do zasady tylko wtedy, je\u017celi osoba pokrzywdzona zg\u0142osi taki wniosek. Od 1 pa\u017adziernika 2023 r. \u201egro\u017aba karalna\u201d nie [&hellip;]<\/p>\n","protected":false},"author":2,"featured_media":0,"comment_status":"open","ping_status":"closed","sticky":false,"template":"wp-custom-template-pojedynczy-wpis-pl","format":"standard","meta":{"footnotes":""},"categories":[230],"tags":[209,36,210,41],"class_list":["post-266","post","type-post","status-publish","format-standard","hentry","category-news-pl","tag-agresja","tag-czyn-zabroniony","tag-grozba-karalna","tag-kodeks-postepowania-karnego"],"_links":{"self":[{"href":"https:\/\/karne.pl\/index.php\/wp-json\/wp\/v2\/posts\/266","targetHints":{"allow":["GET"]}}],"collection":[{"href":"https:\/\/karne.pl\/index.php\/wp-json\/wp\/v2\/posts"}],"about":[{"href":"https:\/\/karne.pl\/index.php\/wp-json\/wp\/v2\/types\/post"}],"author":[{"embeddable":true,"href":"https:\/\/karne.pl\/index.php\/wp-json\/wp\/v2\/users\/2"}],"replies":[{"embeddable":true,"href":"https:\/\/karne.pl\/index.php\/wp-json\/wp\/v2\/comments?post=266"}],"version-history":[{"count":1,"href":"https:\/\/karne.pl\/index.php\/wp-json\/wp\/v2\/posts\/266\/revisions"}],"predecessor-version":[{"id":400,"href":"https:\/\/karne.pl\/index.php\/wp-json\/wp\/v2\/posts\/266\/revisions\/400"}],"wp:attachment":[{"href":"https:\/\/karne.pl\/index.php\/wp-json\/wp\/v2\/media?parent=266"}],"wp:term":[{"taxonomy":"category","embeddable":true,"href":"https:\/\/karne.pl\/index.php\/wp-json\/wp\/v2\/categories?post=266"},{"taxonomy":"post_tag","embeddable":true,"href":"https:\/\/karne.pl\/index.php\/wp-json\/wp\/v2\/tags?post=266"}],"curies":[{"name":"wp","href":"https:\/\/api.w.org\/{rel}","templated":true}]}}