{"id":257,"date":"2024-06-18T20:25:13","date_gmt":"2024-06-18T18:25:13","guid":{"rendered":"http:\/\/karne.pl\/prawo\/?p=257"},"modified":"2025-06-13T22:01:09","modified_gmt":"2025-06-13T20:01:09","slug":"niedopuszczalnosc-laczenia-kary-zastepczej","status":"publish","type":"post","link":"https:\/\/karne.pl\/index.php\/niedopuszczalnosc-laczenia-kary-zastepczej\/","title":{"rendered":"Niedopuszczalno\u015b\u0107 \u0142\u0105czenia kary zast\u0119pczej"},"content":{"rendered":"<p>Zgodnie z wyrokiem S\u0105du Najwy\u017cszego z dnia\u00a016 maja 2024 r. (IV KK 55\/24) przez wymierzon\u0105 kar\u0119 tego samego rodzaju albo inne podlegaj\u0105ce \u0142\u0105czeniu kary w rozumieniu art. 85 \u00a7 1 k.k. nale\u017cy rozumie\u0107 i uczyni\u0107 punktem wyj\u015bcia &#8211; kar\u0119, kt\u00f3ra zosta\u0142a orzeczona w wyroku skazuj\u0105cym. Kara zast\u0119pcza pozbawienia wolno\u015bci nie podlega \u0142\u0105czeniu z kt\u00f3r\u0105kolwiek z kar okre\u015blonych w art. 32 k.k. (czyli\u00a0 kar\u0105 grzywny, ograniczenia wolno\u015bci, pozbawienia wolno\u015bci lub kar\u0105 do\u017cywotniego pozbawienia wolno\u015bci), a wi\u0119c nie jest dopuszczalne \u0142\u0105czenie kary zasadniczej pozbawienia wolno\u015bci oraz kary zast\u0119pczej pozbawienia wolno\u015bci i nie by\u0142o oraz nie jest to dopuszczalne w \u017cadnym z obowi\u0105zuj\u0105cych dotychczas stan\u00f3w prawnych. Uchybienie to ma przy tym istotny wp\u0142yw na tre\u015b\u0107 wyroku \u0142\u0105cznego, albowiem zostaje on wydany pomimo braku ku temu podstaw materialnoprawnych.<\/p>\n","protected":false},"excerpt":{"rendered":"<p>Zgodnie z wyrokiem S\u0105du Najwy\u017cszego z dnia\u00a016 maja 2024 r. (IV KK 55\/24) przez wymierzon\u0105 kar\u0119 tego samego rodzaju albo inne podlegaj\u0105ce \u0142\u0105czeniu kary w rozumieniu art. 85 \u00a7 1 k.k. nale\u017cy rozumie\u0107 i uczyni\u0107 punktem wyj\u015bcia &#8211; kar\u0119, kt\u00f3ra zosta\u0142a orzeczona w wyroku skazuj\u0105cym. Kara zast\u0119pcza pozbawienia wolno\u015bci nie podlega \u0142\u0105czeniu z kt\u00f3r\u0105kolwiek z [&hellip;]<\/p>\n","protected":false},"author":2,"featured_media":0,"comment_status":"open","ping_status":"closed","sticky":false,"template":"wp-custom-template-pojedynczy-wpis-pl","format":"standard","meta":{"footnotes":""},"categories":[230],"tags":[197,198,199,200,73,74,201],"class_list":["post-257","post","type-post","status-publish","format-standard","hentry","category-news-pl","tag-dozywotnie-pozbawienie-wolnosci","tag-kara-grzywny","tag-kara-zastepcza","tag-laczenie-kary","tag-ograniczenie-wolnosci","tag-pozbawienie-wolnosci","tag-wyrok-laczny"],"_links":{"self":[{"href":"https:\/\/karne.pl\/index.php\/wp-json\/wp\/v2\/posts\/257","targetHints":{"allow":["GET"]}}],"collection":[{"href":"https:\/\/karne.pl\/index.php\/wp-json\/wp\/v2\/posts"}],"about":[{"href":"https:\/\/karne.pl\/index.php\/wp-json\/wp\/v2\/types\/post"}],"author":[{"embeddable":true,"href":"https:\/\/karne.pl\/index.php\/wp-json\/wp\/v2\/users\/2"}],"replies":[{"embeddable":true,"href":"https:\/\/karne.pl\/index.php\/wp-json\/wp\/v2\/comments?post=257"}],"version-history":[{"count":1,"href":"https:\/\/karne.pl\/index.php\/wp-json\/wp\/v2\/posts\/257\/revisions"}],"predecessor-version":[{"id":403,"href":"https:\/\/karne.pl\/index.php\/wp-json\/wp\/v2\/posts\/257\/revisions\/403"}],"wp:attachment":[{"href":"https:\/\/karne.pl\/index.php\/wp-json\/wp\/v2\/media?parent=257"}],"wp:term":[{"taxonomy":"category","embeddable":true,"href":"https:\/\/karne.pl\/index.php\/wp-json\/wp\/v2\/categories?post=257"},{"taxonomy":"post_tag","embeddable":true,"href":"https:\/\/karne.pl\/index.php\/wp-json\/wp\/v2\/tags?post=257"}],"curies":[{"name":"wp","href":"https:\/\/api.w.org\/{rel}","templated":true}]}}