{"id":254,"date":"2024-06-08T20:39:54","date_gmt":"2024-06-08T18:39:54","guid":{"rendered":"http:\/\/karne.pl\/prawo\/?p=254"},"modified":"2025-06-13T22:02:23","modified_gmt":"2025-06-13T20:02:23","slug":"sposob-obliczania-okresu-proby","status":"publish","type":"post","link":"https:\/\/karne.pl\/index.php\/sposob-obliczania-okresu-proby\/","title":{"rendered":"Spos\u00f3b obliczania okresu pr\u00f3by"},"content":{"rendered":"<p>Zgodnie z art. 80 \u00a7 1 k.k. W razie warunkowego zwolnienia czas pozosta\u0142y do odbycia kary stanowi okres pr\u00f3by, kt\u00f3ry jednak nie mo\u017ce by\u0107 kr\u00f3tszy ni\u017c 2 lata ani d\u0142u\u017cszy ni\u017c 5 lat.<br \/>\nW postanowieniu z dnia\u00a022 maja 2024 r. (IV KK 155\/24)S\u0105d Najwy\u017cszy wyja\u015bni\u0142, \u017ce okres dwuletni jest okresem minimalnym w tym sensie, \u017ce nawet gdy koniec kary przypada\u0142 wcze\u015bniej, zako\u0144czenie okresu pr\u00f3by nie mo\u017ce nast\u0105pi\u0107 wcze\u015bniej ni\u017c dwa lata po uprawomocnieniu si\u0119 orzeczenia w przedmiocie warunkowego przedterminowego zwolnienia.<\/p>\n","protected":false},"excerpt":{"rendered":"<p>Zgodnie z art. 80 \u00a7 1 k.k. W razie warunkowego zwolnienia czas pozosta\u0142y do odbycia kary stanowi okres pr\u00f3by, kt\u00f3ry jednak nie mo\u017ce by\u0107 kr\u00f3tszy ni\u017c 2 lata ani d\u0142u\u017cszy ni\u017c 5 lat. W postanowieniu z dnia\u00a022 maja 2024 r. (IV KK 155\/24)S\u0105d Najwy\u017cszy wyja\u015bni\u0142, \u017ce okres dwuletni jest okresem minimalnym w tym sensie, \u017ce [&hellip;]<\/p>\n","protected":false},"author":2,"featured_media":0,"comment_status":"open","ping_status":"closed","sticky":false,"template":"wp-custom-template-pojedynczy-wpis-pl","format":"standard","meta":{"footnotes":""},"categories":[230],"tags":[31,193,194,195,196],"class_list":["post-254","post","type-post","status-publish","format-standard","hentry","category-news-pl","tag-kara","tag-okres-proby","tag-rzedterminowe-zwolnienie","tag-warunkowe","tag-zwolnienie-warunkowe"],"_links":{"self":[{"href":"https:\/\/karne.pl\/index.php\/wp-json\/wp\/v2\/posts\/254","targetHints":{"allow":["GET"]}}],"collection":[{"href":"https:\/\/karne.pl\/index.php\/wp-json\/wp\/v2\/posts"}],"about":[{"href":"https:\/\/karne.pl\/index.php\/wp-json\/wp\/v2\/types\/post"}],"author":[{"embeddable":true,"href":"https:\/\/karne.pl\/index.php\/wp-json\/wp\/v2\/users\/2"}],"replies":[{"embeddable":true,"href":"https:\/\/karne.pl\/index.php\/wp-json\/wp\/v2\/comments?post=254"}],"version-history":[{"count":1,"href":"https:\/\/karne.pl\/index.php\/wp-json\/wp\/v2\/posts\/254\/revisions"}],"predecessor-version":[{"id":404,"href":"https:\/\/karne.pl\/index.php\/wp-json\/wp\/v2\/posts\/254\/revisions\/404"}],"wp:attachment":[{"href":"https:\/\/karne.pl\/index.php\/wp-json\/wp\/v2\/media?parent=254"}],"wp:term":[{"taxonomy":"category","embeddable":true,"href":"https:\/\/karne.pl\/index.php\/wp-json\/wp\/v2\/categories?post=254"},{"taxonomy":"post_tag","embeddable":true,"href":"https:\/\/karne.pl\/index.php\/wp-json\/wp\/v2\/tags?post=254"}],"curies":[{"name":"wp","href":"https:\/\/api.w.org\/{rel}","templated":true}]}}