{"id":218,"date":"2023-07-29T10:53:15","date_gmt":"2023-07-29T08:53:15","guid":{"rendered":"http:\/\/karne.pl\/prawo\/?p=218"},"modified":"2025-06-13T22:11:09","modified_gmt":"2025-06-13T20:11:09","slug":"recydywa","status":"publish","type":"post","link":"https:\/\/karne.pl\/index.php\/recydywa\/","title":{"rendered":"Recydywa"},"content":{"rendered":"<p>Mianem recydywy okre\u015blany jest powr\u00f3t tego samego sprawcy do przest\u0119pstwa, z czym prawo karne wi\u0105\u017ce negatywne konsekwencje. Mo\u017cemy wyr\u00f3\u017cni\u0107 recydyw\u0119 kryminologiczn\u0105 i penitencjarn\u0105 oraz og\u00f3ln\u0105 i specjaln\u0105.<\/p>\n<p>Recydywa kryminologiczna oznacza ponowne pope\u0142nienie jakiegokolwiek przest\u0119pstwa, niezale\u017cnie od tego czy sprawca zosta\u0142 uprzednio skazany, natomiast recydywa penitencjarna ma miejsce, gdy sprawca po raz kolejny odbywa kar\u0119 pozbawienia wolno\u015bci orzeczon\u0105 za jakiekolwiek przest\u0119pstwo, niezale\u017cnie jednak od tego, kiedy i w jakim zakresie odby\u0142 kar\u0119 pozbawienia wolno\u015bci orzeczon\u0105 poprzednio.<\/p>\n<p>Recydywa og\u00f3lna, kt\u00f3ra zachodzi w\u00f3wczas, gdy nie zostan\u0105 spe\u0142nione przes\u0142anki z art. 64 \u00a7 1 k.k.,uniemo\u017cliwia zastosowanie okre\u015blonych instytucji prawa karnego wobec sprawy, kt\u00f3ry uprzednio zosta\u0142 ukarany za przest\u0119pstwo okre\u015blonego rodzaju. Tak np. wobec sprawcy, kt\u00f3ry zosta\u0142 ju\u017c ukarany kar\u0105 pozbawienia wolno\u015bci przekraczaj\u0105c\u0105 5 lat wykluczone jest umorzenie warunkowe. Z kolei recydywa specjalna (b\u0105d\u017a szczeg\u00f3lna) polega na \u2013 fakultatywnym lub obligatoryjnym \u2013 zaostrzeniu kary wobec sprawcy ukaranego za przest\u0119pstwo okre\u015blonego rodzaju, kt\u00f3ry ponownie pope\u0142ni\u0142 przest\u0119pstwo okre\u015blonego rodzaju w okre\u015blonym czasie, po odbyciu okre\u015blonej cz\u0119\u015bci orzeczonej kary pozbawienia wolno\u015bci. W\u00a0ramach recydywy specjalnej wyr\u00f3\u017cnia si\u0119 recydyw\u0119 zwyk\u0142\u0105 (lub podstawow\u0105) oraz wielokrotn\u0105 &#8211; w przypadku kt\u00f3rej wymagany jest powr\u00f3t do przest\u0119pstwa tego samego rodzaju.<\/p>\n<p>Uregulowanie dotycz\u0105ce recydywy szczeg\u00f3lnej dzia\u0142a na niekorzy\u015b\u0107 sprawcy, dlatego te\u017c musi by\u0107 interpretowane \u015bci\u015ble. Skazanie w oparciu o art. 64 \u00a7 1 k.k., tj. w ramach recydywy specjalnej zwyk\u0142ej lub inaczej prostej, warunkowane jest ziszczeniem nast\u0119puj\u0105cych przes\u0142anek:<\/p>\n<p>&#8211; sprawca pope\u0142ni\u0142 przest\u0119pstwo umy\u015blne,<\/p>\n<p>&#8211; zosta\u0142 za nie skazany na kar\u0119 pozbawienia wolno\u015bci;<\/p>\n<p>&#8211; odby\u0142 co najmniej 6 miesi\u0119cy orzeczonej kary za to przest\u0119pstwo;<\/p>\n<p>&#8211; pope\u0142nia przest\u0119pstwo umy\u015blne podobne do tego, za kt\u00f3re zosta\u0142 skazany;<\/p>\n<p>&#8211; pope\u0142nia je w ci\u0105gu 5 lat od odbycia co najmniej 6 miesi\u0119cy orzeczonej kary.<\/p>\n<p>Poj\u0119cie przest\u0119pstwa umy\u015blnego obejmuje czyny oparte na zamiarze w rozumieniu art. 9 \u00a7 1 k.k., a tak\u017ce na kombinowanej stronie podmiotowej, gdzie typ wyj\u015bciowy realizowany jest umy\u015blnie, natomiast nieumy\u015blno\u015bci\u0105 obj\u0119te jest wy\u0142\u0105cznie nast\u0119pstwo (skutek) czynu zabronionego. Umy\u015blne pope\u0142nienie czynu zabronionego musi mie\u0107 pod\u0142o\u017ce intelektualne, sprawca pope\u0142nia czyn z zamiarem bezpo\u015brednim, tj. wtedy gdy chce pope\u0142ni\u0107 przest\u0119pstwo, lub z zamiarem ewentualnym, tj. gdy przewiduj\u0105c pope\u0142nienie czynu zabronionego, godzi si\u0119 na to. W pierwszej kolejno\u015bci chodzi zatem o \u015bwiadomo\u015b\u0107 sprawcy.<\/p>\n<p>Kolejn\u0105 z przes\u0142anek recydywy jurydycznej jest podobie\u0144stwo przest\u0119pstw pope\u0142nionych przez sprawc\u0119. Podstaw\u0105 ustalenia podobie\u0144stwa przest\u0119pstw jest to, co zosta\u0142o obj\u0119te znamionami typu umy\u015blnego przest\u0119pstwa. Na podstawie art. 115 \u00a7 3 k.k. wyprowadzane s\u0105 trzy kryteria podobie\u0144stwa przest\u0119pstw. Jest to katalog zamkni\u0119ty, a kryteria te posiadaj\u0105 charakter samodzielny, to znaczy \u017ce istnienie chocia\u017cby jednego przes\u0105dza o podobie\u0144stwie przest\u0119pstw. Nale\u017c\u0105 do nich: to\u017csamo\u015b\u0107 rodzajowa, zastosowanie przy pope\u0142nieniu przest\u0119pstwa przemocy lub gro\u017aby jej u\u017cycia oraz dzia\u0142anie w celu osi\u0105gni\u0119cia korzy\u015bci maj\u0105tkowej.<\/p>\n<p>Podstaw\u0105 dla orzeczenia recydywy specjalnej mo\u017ce by\u0107 tylko wyrok skazuj\u0105cy, przy czym mo\u017ce by\u0107 to r\u00f3wnie\u017c wyrok skazuj\u0105cy wydany przez s\u0105d innego pa\u0144stwa Unii Europejskiej. Wyrokiem stanowi\u0105cym podstaw\u0119 dla zastosowania konstrukcji okre\u015blonej w art. 64 \u00a7 1 k.k. nie b\u0119dzie wyrok warunkowo umarzaj\u0105cy post\u0119powanie, wyrok w ramach kt\u00f3rego s\u0105d odst\u0105pi\u0142 od wymierzenia kary, ani te\u017c wymierzenie kary grzywny lub ograniczenia wolno\u015bci.<\/p>\n<p>Z uwagi na okoliczno\u015b\u0107, \u017ce sprawca musi odby\u0107 co najmniej 6 miesi\u0119cy kary pozbawienia wolno\u015bci, nale\u017cy stwierdzi\u0107, \u017ce przes\u0142ank\u0105 recydywy specjalnej jest skazanie na kar\u0119 pozbawienia wolno\u015bci w co najmniej takim w\u0142a\u015bnie wymiarze. Musi by\u0107 to kara orzeczona w wyroku, ale nie musi by\u0107 to kara bezwzgl\u0119dna \u2013 wtedy, warunek stanowi zarz\u0105dzenie jej wykonania. Kara pozbawienia wolno\u015bci mo\u017ce by\u0107 obj\u0119ta wyrokiem \u0142\u0105cznym, niemniej przypisanie recydywy w sprawie o kolejne przest\u0119pstwo b\u0119dzie mo\u017cliwe, tylko gdy kara jednostkowa za przest\u0119pstwo podobne i\u00a0umy\u015blne wynosi\u0142a nie mniej ni\u017c 6 miesi\u0119cy.<\/p>\n<p>Warto jednak podkre\u015bli\u0107, i\u017c zgodnie z orzecznictwem S\u0105du Najwy\u017cszego kar\u0105 pozbawienia wolno\u015bci, stanowi\u0105c\u0105 podstaw\u0119 do recydywy specjalnej, nie jest kara zast\u0119pcza (wyrok z dnia 20 pa\u017adziernika 2022 r., I KK 285\/22), ani te\u017c pobyt w zak\u0142adzie poprawczym. Natomiast za tak\u0105 podstaw\u0119 mo\u017cna ju\u017c uzna\u0107 kar\u0119 odbyt\u0105 w systemie dozoru elektronicznego (wyrok z dnia 13 lipca 2022 r., IV KK 198\/22).<\/p>\n<p>Ponadto, ustawodawca przewidzia\u0142 5 \u2013 letni termin przedawnienia recydywy, co oznacza, \u017ce umy\u015blne przest\u0119pstwo podobne ma by\u0107 pope\u0142nione w okresie 5 lat od odbycia co najmniej 6 miesi\u0119cy kary pozbawienia wolno\u015bci. Nowe przest\u0119pstwo \u2013 chocia\u017cby jego fragment \u2013 pope\u0142nione musi zosta\u0107 w okresie, gdy ten 5- letni termin biegnie.<\/p>\n<p>Na zako\u0144czenie nale\u017cy przypomnie\u0107, \u017ce przepis art. 64 k.k. nie modyfikuje granic ustawowego zagro\u017cenia kar\u0105, lecz nale\u017cy do zakresu s\u0105dowego wymiaru kary ostatecznie orzekanej.<\/p>\n<p>&nbsp;<\/p>\n","protected":false},"excerpt":{"rendered":"<p>Mianem recydywy okre\u015blany jest powr\u00f3t tego samego sprawcy do przest\u0119pstwa, z czym prawo karne wi\u0105\u017ce negatywne konsekwencje. Mo\u017cemy wyr\u00f3\u017cni\u0107 recydyw\u0119 kryminologiczn\u0105 i penitencjarn\u0105 oraz og\u00f3ln\u0105 i specjaln\u0105. Recydywa kryminologiczna oznacza ponowne pope\u0142nienie jakiegokolwiek przest\u0119pstwa, niezale\u017cnie od tego czy sprawca zosta\u0142 uprzednio skazany, natomiast recydywa penitencjarna ma miejsce, gdy sprawca po raz kolejny odbywa kar\u0119 pozbawienia [&hellip;]<\/p>\n","protected":false},"author":2,"featured_media":0,"comment_status":"open","ping_status":"closed","sticky":false,"template":"wp-custom-template-pojedynczy-wpis-pl","format":"standard","meta":{"footnotes":""},"categories":[230],"tags":[31,166,167,22,43],"class_list":["post-218","post","type-post","status-publish","format-standard","hentry","category-news-pl","tag-kara","tag-kryminologiczna","tag-penitencjarna","tag-przestepstwa","tag-recydywa"],"_links":{"self":[{"href":"https:\/\/karne.pl\/index.php\/wp-json\/wp\/v2\/posts\/218","targetHints":{"allow":["GET"]}}],"collection":[{"href":"https:\/\/karne.pl\/index.php\/wp-json\/wp\/v2\/posts"}],"about":[{"href":"https:\/\/karne.pl\/index.php\/wp-json\/wp\/v2\/types\/post"}],"author":[{"embeddable":true,"href":"https:\/\/karne.pl\/index.php\/wp-json\/wp\/v2\/users\/2"}],"replies":[{"embeddable":true,"href":"https:\/\/karne.pl\/index.php\/wp-json\/wp\/v2\/comments?post=218"}],"version-history":[{"count":1,"href":"https:\/\/karne.pl\/index.php\/wp-json\/wp\/v2\/posts\/218\/revisions"}],"predecessor-version":[{"id":414,"href":"https:\/\/karne.pl\/index.php\/wp-json\/wp\/v2\/posts\/218\/revisions\/414"}],"wp:attachment":[{"href":"https:\/\/karne.pl\/index.php\/wp-json\/wp\/v2\/media?parent=218"}],"wp:term":[{"taxonomy":"category","embeddable":true,"href":"https:\/\/karne.pl\/index.php\/wp-json\/wp\/v2\/categories?post=218"},{"taxonomy":"post_tag","embeddable":true,"href":"https:\/\/karne.pl\/index.php\/wp-json\/wp\/v2\/tags?post=218"}],"curies":[{"name":"wp","href":"https:\/\/api.w.org\/{rel}","templated":true}]}}