{"id":212,"date":"2023-05-17T21:51:18","date_gmt":"2023-05-17T19:51:18","guid":{"rendered":"http:\/\/karne.pl\/prawo\/?p=212"},"modified":"2025-06-13T22:13:26","modified_gmt":"2025-06-13T20:13:26","slug":"zmiany-w-kodeksie-karnym-w-2023-roku","status":"publish","type":"post","link":"https:\/\/karne.pl\/index.php\/zmiany-w-kodeksie-karnym-w-2023-roku\/","title":{"rendered":"Zmiany w Kodeksie Karnym w 2023 roku"},"content":{"rendered":"<p>W drodze nowelizacji, kt\u00f3ra ma wej\u015b\u0107 w \u017cycie 1 pa\u017adziernika 2023 r., w polskim prawie karnym wprowadzone zostanie wiele zmian, w szczeg\u00f3lno\u015bci odnosz\u0105cych si\u0119 do wysoko\u015bci sankcji. Zaostrzeniu ma ulec przede wszystkim ustawowy wymiar kary w przypadku przest\u0119pstw skierowanych rodzajowo przeciwko \u017cyciu, zdrowiu oraz wolno\u015bci seksualnej. Co wi\u0119cej, w kodeksie karnym w cz\u0119\u015bci szczeg\u00f3lnej pojawi\u0105 si\u0119 nowe typy przest\u0119pstw.<br \/>\nNajbardziej \u201eg\u0142o\u015bnymi\u201d modyfikacjami zdaj\u0105 si\u0119 by\u0107: podniesienie g\u00f3rnej granicy kary pozbawienia wolno\u015bci z 15 lat do 30 lat oraz likwidacja kary 25 lat pozbawienia wolno\u015bci, a tak\u017ce wprowadzenie do kodeksu karnego kary bezwzgl\u0119dnego do\u017cywocia (tj. bez mo\u017cliwo\u015bci warunkowego przedterminowego zwolnienia w ramach probacji).<br \/>\nWy\u017csze sankcje w drodze nowelizacji pojawi\u0105 si\u0119 w zwi\u0105zku z przest\u0119pstwami takimi jak: gwa\u0142t, przyjmowanie \u0142ap\u00f3wek, rozb\u00f3j, a tak\u017ce rozb\u00f3j z u\u017cyciem broni, czy te\u017c umy\u015blne spowodowanie ci\u0119\u017ckiego uszczerbku na zdrowiu ( w przypadku dw\u00f3ch ostatnich z ww. typ\u00f3w przest\u0119pstw maksymalny wymiar kary b\u0119dzie odt\u0105d na poziomie 20 lat pozbawienia wolno\u015bci). Wida\u0107 zatem, \u017ce wprowadzone w prawie karnym zmiany s\u0105 stosunkowo szerokie i zmierzaj\u0105 w kierunku zaostrzenia wymiaru sprawiedliwo\u015bci.<br \/>\nPoza og\u00f3lnymi modyfikacjami w katalogu kar oraz zmianami w ustawowym wymiarze kary za poszczeg\u00f3lne typy przest\u0119pstw, ustawodawca zdecydowa\u0142 si\u0119 dodatkowo na wyszczeg\u00f3lnienie nowych typ\u00f3w czyn\u00f3w zabronionych. S\u0105 to: przyj\u0119cie zlecenia zab\u00f3jstwa, uchylanie si\u0119 od naprawienia szkody wyrz\u0105dzonej przest\u0119pstwem, wymuszenie mienia poprzez szanta\u017c, a ponadto forma stadialna w postaci przygotowania do dokonania zab\u00f3jstwa b\u0119dzie odt\u0105d penalizowane w granicach od 2 do 15 lat pozbawienia wolno\u015bci.<br \/>\nJakkolwiek g\u0142o\u015bno komentuje si\u0119 w debacie publicznej (w tym krytycznie) wprowadzan\u0105 reform\u0119, nowelizacja w wyniku podpisania przez prezydenta RP stanie si\u0119 ju\u017c nied\u0142ugo obowi\u0105zuj\u0105c\u0105 regulacj\u0105. Nale\u017cy jednak wyrazi\u0107 nadziej\u0119, \u017ce zwi\u0119kszenie ustawowego wymiaru kary i wprowadzenie wi\u0119kszego rygoryzmu do systemu prawnego, b\u0119dzie mia\u0142o w konsekwencji walor prewencyjny i przys\u0142u\u017cy si\u0119 do odstraszenia potencjalnych przest\u0119pc\u00f3w od pope\u0142niania czyn\u00f3w zabronionych.<\/p>\n","protected":false},"excerpt":{"rendered":"<p>W drodze nowelizacji, kt\u00f3ra ma wej\u015b\u0107 w \u017cycie 1 pa\u017adziernika 2023 r., w polskim prawie karnym wprowadzone zostanie wiele zmian, w szczeg\u00f3lno\u015bci odnosz\u0105cych si\u0119 do wysoko\u015bci sankcji. Zaostrzeniu ma ulec przede wszystkim ustawowy wymiar kary w przypadku przest\u0119pstw skierowanych rodzajowo przeciwko \u017cyciu, zdrowiu oraz wolno\u015bci seksualnej. Co wi\u0119cej, w kodeksie karnym w cz\u0119\u015bci szczeg\u00f3lnej pojawi\u0105 [&hellip;]<\/p>\n","protected":false},"author":2,"featured_media":0,"comment_status":"open","ping_status":"closed","sticky":false,"template":"wp-custom-template-pojedynczy-wpis-pl","format":"standard","meta":{"footnotes":""},"categories":[230],"tags":[149,54,5,22,163],"class_list":["post-212","post","type-post","status-publish","format-standard","hentry","category-news-pl","tag-karny","tag-kodeks","tag-nowelizacja","tag-przestepstwa","tag-sankcje"],"_links":{"self":[{"href":"https:\/\/karne.pl\/index.php\/wp-json\/wp\/v2\/posts\/212","targetHints":{"allow":["GET"]}}],"collection":[{"href":"https:\/\/karne.pl\/index.php\/wp-json\/wp\/v2\/posts"}],"about":[{"href":"https:\/\/karne.pl\/index.php\/wp-json\/wp\/v2\/types\/post"}],"author":[{"embeddable":true,"href":"https:\/\/karne.pl\/index.php\/wp-json\/wp\/v2\/users\/2"}],"replies":[{"embeddable":true,"href":"https:\/\/karne.pl\/index.php\/wp-json\/wp\/v2\/comments?post=212"}],"version-history":[{"count":1,"href":"https:\/\/karne.pl\/index.php\/wp-json\/wp\/v2\/posts\/212\/revisions"}],"predecessor-version":[{"id":418,"href":"https:\/\/karne.pl\/index.php\/wp-json\/wp\/v2\/posts\/212\/revisions\/418"}],"wp:attachment":[{"href":"https:\/\/karne.pl\/index.php\/wp-json\/wp\/v2\/media?parent=212"}],"wp:term":[{"taxonomy":"category","embeddable":true,"href":"https:\/\/karne.pl\/index.php\/wp-json\/wp\/v2\/categories?post=212"},{"taxonomy":"post_tag","embeddable":true,"href":"https:\/\/karne.pl\/index.php\/wp-json\/wp\/v2\/tags?post=212"}],"curies":[{"name":"wp","href":"https:\/\/api.w.org\/{rel}","templated":true}]}}