{"id":206,"date":"2023-03-01T20:18:19","date_gmt":"2023-03-01T19:18:19","guid":{"rendered":"http:\/\/karne.pl\/prawo\/?p=206"},"modified":"2025-06-13T22:14:29","modified_gmt":"2025-06-13T20:14:29","slug":"znikomosc-spolecznej-szkodliwosci-czynu","status":"publish","type":"post","link":"https:\/\/karne.pl\/index.php\/znikomosc-spolecznej-szkodliwosci-czynu\/","title":{"rendered":"Znikomo\u015b\u0107 spo\u0142ecznej szkodliwo\u015bci czynu."},"content":{"rendered":"<p>A. M. zosta\u0142 oskar\u017cony o to, \u017ce &#8222;w okresie od miesi\u0105ca pa\u017adziernika 2010 r. do miesi\u0105ca grudnia 2016 r. wielokrotnie pomawia\u0142 A. B. o post\u0119powanie i w\u0142a\u015bciwo\u015bci, kt\u00f3re mog\u0142y go poni\u017cy\u0107 w opinii publicznej oraz narazi\u0107 na utrat\u0119 zaufania potrzebnego do wykonywania zawodu poprzez zarzucanie fa\u0142szowania dokument\u00f3w sp\u00f3\u0142dzielni, w kt\u00f3rej pe\u0142ni on funkcj\u0119 Prezesa Zarz\u0105du, po\u015bwiadczania nieprawdy i k\u0142amstwa, sugerowanie \u0142ap\u00f3wkarstwa, przypisywanie i wypowiadanie twierdze\u0144, kt\u00f3re nie pochodzi\u0142y od niego, gro\u017cenie wysy\u0142aniem na niego donos\u00f3w, wypowiadanie innych nieprawdziwych sformu\u0142owa\u0144 maj\u0105cych na celu zdyskredytowanie jego osoby w oczach cz\u0142onk\u00f3w i kontrahent\u00f3w sp\u00f3\u0142dzielni, a tak\u017ce n\u0119ka\u0142 jego osob\u0119 przez kierowanie indywidualnych (spersonalizowanych) wypowiedzi, kt\u00f3re winny dotyczy\u0107 zarz\u0105du wieloosobowego, za\u015b w sprawach prowadzonych przez Prokuratur\u0119 mataczy\u0142 i przedstawia\u0142 fa\u0142szywe dowody, kt\u00f3re doprowadzi\u0142y do postawienia mu bezpodstawnych zarzut\u00f3w wy\u0142udzenia po\u015bwiadczenia nieprawdy w dokumencie&#8221;, tj. o czyn z\u00a0art. 212 \u00a7 1\u00a0k.k.<br \/>\nZ uwagi na znikoma szkodliwo\u015b\u0107 spo\u0142eczn\u0105 czynu post\u0119powanie zosta\u0142o jednak umorzone.<br \/>\nW kanwie tej sprawy S\u0105d Najwy\u017cszy wyda\u0142 postanowienie z dnia\u00a014 grudnia 2022 r. (II KK 460\/22), w kt\u00f3rym stwierdzi\u0142, \u017ce warunkiem badania spo\u0142ecznej szkodliwo\u015bci czynu jest stwierdzenie jego bezprawno\u015bci, a zatem argument, \u017ce zachowanie to jest bezprawne, w \u017caden spos\u00f3b nie mo\u017ce \u015bwiadczy\u0107 o naruszeniu art. 115 \u00a7 2 k.k. Trzeba bowiem wyja\u015bni\u0107, \u017ce badanie poziomu szkodliwo\u015bci spo\u0142ecznej czynu nale\u017cy do sfery ustale\u0144 faktycznych, nie za\u015b do oceny, czy naruszono przepis\u00a0art. 115 \u00a7 2\u00a0k.k.<\/p>\n","protected":false},"excerpt":{"rendered":"<p>A. M. zosta\u0142 oskar\u017cony o to, \u017ce &#8222;w okresie od miesi\u0105ca pa\u017adziernika 2010 r. do miesi\u0105ca grudnia 2016 r. wielokrotnie pomawia\u0142 A. B. o post\u0119powanie i w\u0142a\u015bciwo\u015bci, kt\u00f3re mog\u0142y go poni\u017cy\u0107 w opinii publicznej oraz narazi\u0107 na utrat\u0119 zaufania potrzebnego do wykonywania zawodu poprzez zarzucanie fa\u0142szowania dokument\u00f3w sp\u00f3\u0142dzielni, w kt\u00f3rej pe\u0142ni on funkcj\u0119 Prezesa Zarz\u0105du, [&hellip;]<\/p>\n","protected":false},"author":2,"featured_media":0,"comment_status":"open","ping_status":"closed","sticky":false,"template":"wp-custom-template-pojedynczy-wpis-pl","format":"standard","meta":{"footnotes":""},"categories":[230],"tags":[159,160,80,161],"class_list":["post-206","post","type-post","status-publish","format-standard","hentry","category-news-pl","tag-czyn","tag-oskarzony","tag-postepowanie","tag-szkodliwosc"],"_links":{"self":[{"href":"https:\/\/karne.pl\/index.php\/wp-json\/wp\/v2\/posts\/206","targetHints":{"allow":["GET"]}}],"collection":[{"href":"https:\/\/karne.pl\/index.php\/wp-json\/wp\/v2\/posts"}],"about":[{"href":"https:\/\/karne.pl\/index.php\/wp-json\/wp\/v2\/types\/post"}],"author":[{"embeddable":true,"href":"https:\/\/karne.pl\/index.php\/wp-json\/wp\/v2\/users\/2"}],"replies":[{"embeddable":true,"href":"https:\/\/karne.pl\/index.php\/wp-json\/wp\/v2\/comments?post=206"}],"version-history":[{"count":1,"href":"https:\/\/karne.pl\/index.php\/wp-json\/wp\/v2\/posts\/206\/revisions"}],"predecessor-version":[{"id":420,"href":"https:\/\/karne.pl\/index.php\/wp-json\/wp\/v2\/posts\/206\/revisions\/420"}],"wp:attachment":[{"href":"https:\/\/karne.pl\/index.php\/wp-json\/wp\/v2\/media?parent=206"}],"wp:term":[{"taxonomy":"category","embeddable":true,"href":"https:\/\/karne.pl\/index.php\/wp-json\/wp\/v2\/categories?post=206"},{"taxonomy":"post_tag","embeddable":true,"href":"https:\/\/karne.pl\/index.php\/wp-json\/wp\/v2\/tags?post=206"}],"curies":[{"name":"wp","href":"https:\/\/api.w.org\/{rel}","templated":true}]}}