{"id":166,"date":"2022-03-26T23:52:04","date_gmt":"2022-03-26T22:52:04","guid":{"rendered":"http:\/\/karne.pl\/prawo\/?p=166"},"modified":"2025-06-13T22:20:37","modified_gmt":"2025-06-13T20:20:37","slug":"zmiana-w-kodeksie-karnym-falszywy-alarm","status":"publish","type":"post","link":"https:\/\/karne.pl\/index.php\/zmiana-w-kodeksie-karnym-falszywy-alarm\/","title":{"rendered":"Zmiana w kodeksie karnym \u2013 fa\u0142szywy alarm"},"content":{"rendered":"<p>Ustawodawca od 12 stycznia 2022 roku wprowadzi\u0142 kwalifikowan\u0105 posta\u0107 przest\u0119pstwa tzw. fa\u0142szywego alarmu. Przest\u0119pstwo to polega na zawiadomieniu o nieistniej\u0105cym zdarzeniu , kt\u00f3re zagra\u017ca \u017cyciu lub zdrowiu wielu os\u00f3b lub mieniu w znacznych rozmiarach. Do tej pory sprawca takiego czynu podlega\u0142 karze pozbawienia wolno\u015bci od 6 miesi\u0119cy do lat 8. Obecnie za\u015b je\u017celi sprawca zawiadomi o wi\u0119cej ni\u017c jednym zdarzeniu nara\u017ca si\u0119 na surowsz\u0105 kar\u0119 &#8211; pozbawienia wolno\u015bci od 2 do 12 lat.<\/p>\n","protected":false},"excerpt":{"rendered":"<p>Ustawodawca od 12 stycznia 2022 roku wprowadzi\u0142 kwalifikowan\u0105 posta\u0107 przest\u0119pstwa tzw. fa\u0142szywego alarmu. Przest\u0119pstwo to polega na zawiadomieniu o nieistniej\u0105cym zdarzeniu , kt\u00f3re zagra\u017ca \u017cyciu lub zdrowiu wielu os\u00f3b lub mieniu w znacznych rozmiarach. Do tej pory sprawca takiego czynu podlega\u0142 karze pozbawienia wolno\u015bci od 6 miesi\u0119cy do lat 8. Obecnie za\u015b je\u017celi sprawca zawiadomi [&hellip;]<\/p>\n","protected":false},"author":2,"featured_media":0,"comment_status":"open","ping_status":"closed","sticky":false,"template":"wp-custom-template-pojedynczy-wpis-pl","format":"standard","meta":{"footnotes":""},"categories":[230],"tags":[125,74,37],"class_list":["post-166","post","type-post","status-publish","format-standard","hentry","category-news-pl","tag-falszywy-alarm","tag-pozbawienie-wolnosci","tag-przestepstwo"],"_links":{"self":[{"href":"https:\/\/karne.pl\/index.php\/wp-json\/wp\/v2\/posts\/166","targetHints":{"allow":["GET"]}}],"collection":[{"href":"https:\/\/karne.pl\/index.php\/wp-json\/wp\/v2\/posts"}],"about":[{"href":"https:\/\/karne.pl\/index.php\/wp-json\/wp\/v2\/types\/post"}],"author":[{"embeddable":true,"href":"https:\/\/karne.pl\/index.php\/wp-json\/wp\/v2\/users\/2"}],"replies":[{"embeddable":true,"href":"https:\/\/karne.pl\/index.php\/wp-json\/wp\/v2\/comments?post=166"}],"version-history":[{"count":1,"href":"https:\/\/karne.pl\/index.php\/wp-json\/wp\/v2\/posts\/166\/revisions"}],"predecessor-version":[{"id":432,"href":"https:\/\/karne.pl\/index.php\/wp-json\/wp\/v2\/posts\/166\/revisions\/432"}],"wp:attachment":[{"href":"https:\/\/karne.pl\/index.php\/wp-json\/wp\/v2\/media?parent=166"}],"wp:term":[{"taxonomy":"category","embeddable":true,"href":"https:\/\/karne.pl\/index.php\/wp-json\/wp\/v2\/categories?post=166"},{"taxonomy":"post_tag","embeddable":true,"href":"https:\/\/karne.pl\/index.php\/wp-json\/wp\/v2\/tags?post=166"}],"curies":[{"name":"wp","href":"https:\/\/api.w.org\/{rel}","templated":true}]}}