{"id":163,"date":"2022-02-02T08:07:36","date_gmt":"2022-02-02T07:07:36","guid":{"rendered":"http:\/\/karne.pl\/prawo\/?p=163"},"modified":"2025-06-13T22:21:05","modified_gmt":"2025-06-13T20:21:05","slug":"czym-jest-zastepcza-kara-pozbawienia-wolnosci","status":"publish","type":"post","link":"https:\/\/karne.pl\/index.php\/czym-jest-zastepcza-kara-pozbawienia-wolnosci\/","title":{"rendered":"Czym jest zast\u0119pcza kara pozbawienia wolno\u015bci ?"},"content":{"rendered":"<p>W polskim porz\u0105dku prawnym istnieje mo\u017cliwo\u015b\u0107 zamiany kary grzywny na kar\u0119 pozbawienia wolno\u015bci. Zgodnie z \u00a7 1 art. 46 k.k.w. s\u0105d orzeka wykonanie zast\u0119pczej kary pozbawienia wolno\u015bci w sytuacji, gdy zostanie stwierdzone, \u017ce:<br \/>\n1)egzekucja okaza\u0142a si\u0119 bezskuteczna lub z okoliczno\u015bci sprawy wynika, \u017ce by\u0142aby ona bezskuteczna;<br \/>\n2)skazany nie wyrazi\u0142 zgody na podj\u0119cie pracy spo\u0142ecznie u\u017cytecznej zamienionej na podstawie art. 45 k.k.w. albo uchyla si\u0119 od jej wykonania; wzgl\u0119dnie gdy<br \/>\n3)zachodzi niemo\u017cliwo\u015b\u0107 lub niecelowo\u015b\u0107 zamiany grzywny na prac\u0119 spo\u0142ecznie u\u017cyteczn\u0105.<br \/>\nW doktrynie prawa karnego, przyj\u0119\u0142o si\u0119 stanowisko, \u017ce najbardziej ingeruj\u0105ca w sfer\u0119 d\u00f3br skazanego forma zast\u0119pczego wykonania grzywny (&#8230;) nast\u0119puje dopiero po wyczerpaniu mo\u017cliwo\u015bci wykonania kary na wcze\u015bniejszych etapach post\u0119powania\u201d [W. Dadak, Grzywna samoistna&#8230;, s. 177].To oznacza, \u017ce \u201edop\u00f3ki istnieje realna mo\u017cliwo\u015b\u0107 uiszczenia grzywny, tak\u017ce w formie roz\u0142o\u017cenia na raty, czy te\u017c wykonania w formie zast\u0119pczej w postaci pracy spo\u0142ecznie u\u017cytecznej, dop\u00f3ty s\u0105d nie powinien orzeka\u0107 wykonania zast\u0119pczej kary pozbawienia wolno\u015bci\u201d[K. D\u0105bkiewicz [w:] Kodeks karny wykonawczy. Komentarz, LEX\/el. 2020, art. 46.]<\/p>\n<p>Jaki mo\u017ce by\u0107 maksymalny wymiar zast\u0119pczej kary pozbawienia wolno\u015bci?<br \/>\nZgodnie z polskimi przepisami jeden dzie\u0144 pozbawienia wolno\u015bci jest r\u00f3wnowa\u017cny dw\u00f3m stawkom dziennym grzywny (w przypadku grzywny okre\u015blonej kwotowo \u2013 <u>grzywnie w kwocie od 20 do 4.000 z\u0142otych<\/u>). Kara zast\u0119pcza <u>nie mo\u017ce jednak przekroczy\u0107 12 miesi\u0119cy pozbawienia wolno\u015bci<\/u>, jak r\u00f3wnie\u017c g\u00f3rnej granicy kary pozbawienia wolno\u015bci okre\u015blonej przez ustaw\u0119 za dane przest\u0119pstwo. Je\u017celi ustawa nie przewiduje za dane przest\u0119pstwo kary izolacyjnej, g\u00f3rna granica zast\u0119pczej kary pozbawienia wolno\u015bci nie mo\u017ce przekroczy\u0107 6 miesi\u0119cy.<\/p>\n","protected":false},"excerpt":{"rendered":"<p>W polskim porz\u0105dku prawnym istnieje mo\u017cliwo\u015b\u0107 zamiany kary grzywny na kar\u0119 pozbawienia wolno\u015bci. Zgodnie z \u00a7 1 art. 46 k.k.w. s\u0105d orzeka wykonanie zast\u0119pczej kary pozbawienia wolno\u015bci w sytuacji, gdy zostanie stwierdzone, \u017ce: 1)egzekucja okaza\u0142a si\u0119 bezskuteczna lub z okoliczno\u015bci sprawy wynika, \u017ce by\u0142aby ona bezskuteczna; 2)skazany nie wyrazi\u0142 zgody na podj\u0119cie pracy spo\u0142ecznie u\u017cytecznej [&hellip;]<\/p>\n","protected":false},"author":2,"featured_media":0,"comment_status":"open","ping_status":"closed","sticky":false,"template":"wp-custom-template-pojedynczy-wpis-pl","format":"standard","meta":{"footnotes":""},"categories":[230],"tags":[122,31,74,123,124],"class_list":["post-163","post","type-post","status-publish","format-standard","hentry","category-news-pl","tag-grzywny","tag-kara","tag-pozbawienie-wolnosci","tag-spolecznie-uzyteczna","tag-zastepcza"],"_links":{"self":[{"href":"https:\/\/karne.pl\/index.php\/wp-json\/wp\/v2\/posts\/163","targetHints":{"allow":["GET"]}}],"collection":[{"href":"https:\/\/karne.pl\/index.php\/wp-json\/wp\/v2\/posts"}],"about":[{"href":"https:\/\/karne.pl\/index.php\/wp-json\/wp\/v2\/types\/post"}],"author":[{"embeddable":true,"href":"https:\/\/karne.pl\/index.php\/wp-json\/wp\/v2\/users\/2"}],"replies":[{"embeddable":true,"href":"https:\/\/karne.pl\/index.php\/wp-json\/wp\/v2\/comments?post=163"}],"version-history":[{"count":1,"href":"https:\/\/karne.pl\/index.php\/wp-json\/wp\/v2\/posts\/163\/revisions"}],"predecessor-version":[{"id":433,"href":"https:\/\/karne.pl\/index.php\/wp-json\/wp\/v2\/posts\/163\/revisions\/433"}],"wp:attachment":[{"href":"https:\/\/karne.pl\/index.php\/wp-json\/wp\/v2\/media?parent=163"}],"wp:term":[{"taxonomy":"category","embeddable":true,"href":"https:\/\/karne.pl\/index.php\/wp-json\/wp\/v2\/categories?post=163"},{"taxonomy":"post_tag","embeddable":true,"href":"https:\/\/karne.pl\/index.php\/wp-json\/wp\/v2\/tags?post=163"}],"curies":[{"name":"wp","href":"https:\/\/api.w.org\/{rel}","templated":true}]}}