{"id":157,"date":"2021-12-02T08:13:42","date_gmt":"2021-12-02T07:13:42","guid":{"rendered":"http:\/\/karne.pl\/prawo\/?p=157"},"modified":"2025-06-13T22:22:12","modified_gmt":"2025-06-13T20:22:12","slug":"kontakty-z-osoba-tymczasowo-aresztowana","status":"publish","type":"post","link":"https:\/\/karne.pl\/index.php\/kontakty-z-osoba-tymczasowo-aresztowana\/","title":{"rendered":"Kontakty z osob\u0105 tymczasowo aresztowan\u0105"},"content":{"rendered":"<p>Tymczasowe aresztowanie, poza istotn\u0105 funkcj\u0105 procesow\u0105, jest tak\u017ce niezwykle trudn\u0105 sytuacj\u0105 dla osoby aresztowanej, a tak\u017ce jej bliskich. Wynika to mi\u0119dzy innymi z bardzo ograniczonych mo\u017cliwo\u015bci kontaktu &#8211; zar\u00f3wno widzenia jak i rozmowy telefoniczne odbywa\u0107 si\u0119 mog\u0105 jedynie za zgod\u0105 prokuratora (w post\u0119powaniu przygotowawczym) lub s\u0105du (na etapie s\u0105dowym), kt\u00f3rzy cz\u0119sto s\u0105 niech\u0119tni, by ich udziela\u0107, maj\u0105c na wzgl\u0119dzie obaw\u0119 matactwa i dobro post\u0119powania.<\/p>\n<p>Dodatkow\u0105 trudno\u015bci\u0105 jest stosunkowo w\u0105ski kr\u0105g os\u00f3b, kt\u00f3re w og\u00f3le mog\u0105 ubiega\u0107 si\u0119 o inny ni\u017c listowny kontakt z osadzonym &#8211; mog\u0105 to by\u0107 tylko osoby najbli\u017csze, a wi\u0119c ma\u0142\u017conek lub partner, wst\u0119pni i zst\u0119pni (a wi\u0119c rodzice, dzieci, dziadkowie, wnuki etc.), rodze\u0144stwo oraz bliscy powinowaci. Oznacza to, \u017ce tymczasowo aresztowany nie ma mo\u017cliwo\u015bci widze\u0144 czy rozm\u00f3w telefonicznych np. z wujem czy bratanic\u0105.<\/p>\n<p>Mimo, \u017ce coraz wi\u0119ksza liczba Areszt\u00f3w \u015aledczych posiada inne ni\u017c telefony \u015brodki komunikacji na odleg\u0142o\u015b\u0107 (komunikatory internetowe, kt\u00f3re pozwalaj\u0105 na rozmowy tak\u017ce w formie wideo), przepisy Kodeksu karnego wykonawczego wprost wy\u0142\u0105czaj\u0105 mo\u017cliwo\u015b\u0107 korzystania z nich przez tymczasowo aresztowanych.<\/p>\n<p>Warto tak\u017ce pami\u0119ta\u0107, \u017ce ca\u0142o\u015b\u0107 korespondencji wysy\u0142anej przez osoby tymczasowo aresztowane oraz otrzymywanej przez nie, podlega wnikliwemu badaniu i cenzurze.<\/p>\n","protected":false},"excerpt":{"rendered":"<p>Tymczasowe aresztowanie, poza istotn\u0105 funkcj\u0105 procesow\u0105, jest tak\u017ce niezwykle trudn\u0105 sytuacj\u0105 dla osoby aresztowanej, a tak\u017ce jej bliskich. Wynika to mi\u0119dzy innymi z bardzo ograniczonych mo\u017cliwo\u015bci kontaktu &#8211; zar\u00f3wno widzenia jak i rozmowy telefoniczne odbywa\u0107 si\u0119 mog\u0105 jedynie za zgod\u0105 prokuratora (w post\u0119powaniu przygotowawczym) lub s\u0105du (na etapie s\u0105dowym), kt\u00f3rzy cz\u0119sto s\u0105 niech\u0119tni, by ich [&hellip;]<\/p>\n","protected":false},"author":2,"featured_media":0,"comment_status":"open","ping_status":"closed","sticky":false,"template":"wp-custom-template-pojedynczy-wpis-pl","format":"standard","meta":{"footnotes":""},"categories":[230],"tags":[53,117,57,118],"class_list":["post-157","post","type-post","status-publish","format-standard","hentry","category-news-pl","tag-areszt","tag-postepowanie-przygotowawcze","tag-tymczasowe-aresztowanie","tag-widzenia"],"_links":{"self":[{"href":"https:\/\/karne.pl\/index.php\/wp-json\/wp\/v2\/posts\/157","targetHints":{"allow":["GET"]}}],"collection":[{"href":"https:\/\/karne.pl\/index.php\/wp-json\/wp\/v2\/posts"}],"about":[{"href":"https:\/\/karne.pl\/index.php\/wp-json\/wp\/v2\/types\/post"}],"author":[{"embeddable":true,"href":"https:\/\/karne.pl\/index.php\/wp-json\/wp\/v2\/users\/2"}],"replies":[{"embeddable":true,"href":"https:\/\/karne.pl\/index.php\/wp-json\/wp\/v2\/comments?post=157"}],"version-history":[{"count":1,"href":"https:\/\/karne.pl\/index.php\/wp-json\/wp\/v2\/posts\/157\/revisions"}],"predecessor-version":[{"id":435,"href":"https:\/\/karne.pl\/index.php\/wp-json\/wp\/v2\/posts\/157\/revisions\/435"}],"wp:attachment":[{"href":"https:\/\/karne.pl\/index.php\/wp-json\/wp\/v2\/media?parent=157"}],"wp:term":[{"taxonomy":"category","embeddable":true,"href":"https:\/\/karne.pl\/index.php\/wp-json\/wp\/v2\/categories?post=157"},{"taxonomy":"post_tag","embeddable":true,"href":"https:\/\/karne.pl\/index.php\/wp-json\/wp\/v2\/tags?post=157"}],"curies":[{"name":"wp","href":"https:\/\/api.w.org\/{rel}","templated":true}]}}