{"id":145,"date":"2021-08-04T15:03:53","date_gmt":"2021-08-04T13:03:53","guid":{"rendered":"http:\/\/karne.pl\/prawo\/?p=145"},"modified":"2025-06-13T22:23:55","modified_gmt":"2025-06-13T20:23:55","slug":"konsekwencje-nieobecnosci-prokuratora-na-rozprawie","status":"publish","type":"post","link":"https:\/\/karne.pl\/index.php\/konsekwencje-nieobecnosci-prokuratora-na-rozprawie\/","title":{"rendered":"Konsekwencje nieobecno\u015bci prokuratora na rozprawie"},"content":{"rendered":"<p>Ustawa kodeks post\u0119powania karnego wymienia sytuacje, w kt\u00f3rych obecno\u015b\u0107 prokuratora jest obligatoryjna (np. co do zasady w sprawach o przest\u0119pstwa \u015bcigane z oskar\u017cenia publicznego ), a w kt\u00f3rych fakultatywna (np. w posiedzeniu w przedmiocie skazania bez rozprawy).<br \/>\nCz\u0119sto, w sytuacjach gdy na rozprawie prokurator by\u0142 nieobecny (nawet tych fakultatywnych), s\u0105d og\u0142asza\u0142 przerw\u0119 i wyznacza\u0142 inny termin rozprawy. Mia\u0142o to na celu umo\u017cliwienie prokuratorowi zapoznanie si\u0119 z twierdzeniami stron post\u0119powania.<br \/>\nSytuacja taka mia\u0142a miejsce w post\u0119powaniu dw\u00f3ch oskar\u017conych o usi\u0142owanie oszustwa. Na pierwszej rozprawie obie oskar\u017cone z\u0142o\u017cy\u0142y wnioski o dobrowolne poddanie si\u0119 karze (tak zwane skazanie bez procesu). Z racji nieobecno\u015bci prokuratora s\u0105d og\u0142osi\u0142 przerw\u0119, aby przyjrze\u0107 si\u0119 wnioskom. Na kolejnej rozprawie mimo poinformowani o terminie, prokurator r\u00f3wnie\u017c si\u0119 nie zjawi\u0142.<br \/>\nS\u0105d Rejonowy, maj\u0105c na uwadze powy\u017csze, uwzgl\u0119dni\u0142 wnioski oskar\u017conych. Prokurator z\u0142o\u017cy\u0142 apelacj\u0119 powo\u0142uj\u0105c si\u0119 na \u201ebrak stanowiska prokuratora\u201d.<br \/>\nSprawa trafi\u0142a do S\u0105du Najwy\u017cszego, kt\u00f3ry mia\u0142 wypowiedzie\u0107 si\u0119 w sprawie. S\u0105d Najwy\u017cszy (sygnatura akt: I KZP 16\/20, odm\u00f3wi\u0142 jednak powzi\u0119cia uchwa\u0142y)stwierdzi\u0142, \u017ce nieobecno\u015b\u0107 prokuratora na rozprawie, na kt\u00f3rej by\u0107 nie musi, nale\u017cy uzna\u0107 za brak jego ewentualnego sprzeciwu, by oskar\u017cony dobrowolnie podda\u0142 si\u0119 karze.<br \/>\nTaka opinia S\u0105du Najwy\u017cszego mo\u017ce przy\u015bpieszy\u0107 dzia\u0142alno\u015b\u0107 przepe\u0142nionych sprawami s\u0105d\u00f3w, bowiem je\u017celi sprawy nie b\u0119d\u0105 wymaga\u0142y obecno\u015bci na rozprawie prokuratora np. ze wzgl\u0119du na jego brak zastrze\u017ce\u0144 do co wyroku, post\u0119powania ko\u0144czy\u0107 si\u0119 b\u0119d\u0105 szybciej, czasem nawet na pierwszej rozprawie. <\/p>\n","protected":false},"excerpt":{"rendered":"<p>Ustawa kodeks post\u0119powania karnego wymienia sytuacje, w kt\u00f3rych obecno\u015b\u0107 prokuratora jest obligatoryjna (np. co do zasady w sprawach o przest\u0119pstwa \u015bcigane z oskar\u017cenia publicznego ), a w kt\u00f3rych fakultatywna (np. w posiedzeniu w przedmiocie skazania bez rozprawy). Cz\u0119sto, w sytuacjach gdy na rozprawie prokurator by\u0142 nieobecny (nawet tych fakultatywnych), s\u0105d og\u0142asza\u0142 przerw\u0119 i wyznacza\u0142 inny [&hellip;]<\/p>\n","protected":false},"author":2,"featured_media":0,"comment_status":"open","ping_status":"closed","sticky":false,"template":"wp-custom-template-pojedynczy-wpis-pl","format":"standard","meta":{"footnotes":""},"categories":[230],"tags":[108,60,47],"class_list":["post-145","post","type-post","status-publish","format-standard","hentry","category-news-pl","tag-oskarzenie-publiczne","tag-prokurator","tag-rozprawa"],"_links":{"self":[{"href":"https:\/\/karne.pl\/index.php\/wp-json\/wp\/v2\/posts\/145","targetHints":{"allow":["GET"]}}],"collection":[{"href":"https:\/\/karne.pl\/index.php\/wp-json\/wp\/v2\/posts"}],"about":[{"href":"https:\/\/karne.pl\/index.php\/wp-json\/wp\/v2\/types\/post"}],"author":[{"embeddable":true,"href":"https:\/\/karne.pl\/index.php\/wp-json\/wp\/v2\/users\/2"}],"replies":[{"embeddable":true,"href":"https:\/\/karne.pl\/index.php\/wp-json\/wp\/v2\/comments?post=145"}],"version-history":[{"count":1,"href":"https:\/\/karne.pl\/index.php\/wp-json\/wp\/v2\/posts\/145\/revisions"}],"predecessor-version":[{"id":439,"href":"https:\/\/karne.pl\/index.php\/wp-json\/wp\/v2\/posts\/145\/revisions\/439"}],"wp:attachment":[{"href":"https:\/\/karne.pl\/index.php\/wp-json\/wp\/v2\/media?parent=145"}],"wp:term":[{"taxonomy":"category","embeddable":true,"href":"https:\/\/karne.pl\/index.php\/wp-json\/wp\/v2\/categories?post=145"},{"taxonomy":"post_tag","embeddable":true,"href":"https:\/\/karne.pl\/index.php\/wp-json\/wp\/v2\/tags?post=145"}],"curies":[{"name":"wp","href":"https:\/\/api.w.org\/{rel}","templated":true}]}}