{"id":142,"date":"2021-07-16T20:20:07","date_gmt":"2021-07-16T18:20:07","guid":{"rendered":"http:\/\/karne.pl\/prawo\/?p=142"},"modified":"2025-06-13T22:24:12","modified_gmt":"2025-06-13T20:24:12","slug":"przestepstwa-z-ustawy-o-prawach-autorskich-i-prawach-pokrewnych","status":"publish","type":"post","link":"https:\/\/karne.pl\/index.php\/przestepstwa-z-ustawy-o-prawach-autorskich-i-prawach-pokrewnych\/","title":{"rendered":"Przest\u0119pstwa z ustawy o prawach autorskich i prawach pokrewnych"},"content":{"rendered":"<p>Prawa autorskie s\u0105 jedn\u0105 z ga\u0142\u0119zi prawa prywatnego. Ustawa z dnia 4 lutego 1994 r. o prawie autorskim i prawach pokrewnych zawiera nie tylko definicje utworu oraz spos\u00f3b ochrony praw autorskich maj\u0105tkowych oraz niemaj\u0105tkowych. Wymienia r\u00f3wnie\u017c przest\u0119pstwa jakie mo\u017cna pope\u0142ni\u0107 na gruncie tej ustawy. Sankcje karne w ustawie maj\u0105 szczeg\u00f3lny charakter w stosunku do ustawy prawo karne. <\/p>\n<p>W art. 115-119 ustawy wyszczeg\u00f3lniono  przest\u0119pstwa, kt\u00f3rymi s\u0105:<br \/>\n&#8211; przyw\u0142aszczenie autorstwa,<br \/>\n&#8211; rozpowszechnienie utworu bez pozwolenia,<br \/>\n-nielegalne utrwalanie oraz zwielokrotnianie przedmiot\u00f3w praw autorskich i praw pokrewnych,<br \/>\n&#8211; paserstwo w zakresie praw autorskich i praw pokrewnych,<br \/>\n-tworzenie urz\u0105dze\u0144 do niedozwolonego usuwania lub obchodzenia zabezpiecze\u0144 technicznych,<br \/>\n-naruszenie prawa do kontroli i prawa do informacji. <\/p>\n<p>Nale\u017cy mie\u0107 na uwadze, \u017ce za naruszenie praw autorskich oraz praw pokrewnych gro\u017c\u0105 nam nie tylko konsekwencje cywilnoprawne (jak na przyk\u0142ad pozew o zaprzestanie narusze\u0144 czy odszkodowanie) ale r\u00f3wnie\u017c karne. Ustawodawca doszed\u0142 do wniosku, \u017ce ochrona w\u0142asno\u015bci intelektualnej powinna by\u0107 zaostrzona \u2013 w\u0142a\u015bnie poprzez stosowanie sankcji karnych. Zgodnie z tym za wymienione powy\u017cej przest\u0119pstwa gro\u017c\u0105 kary takie jak grzywna, kara ograniczenia wolno\u015bci a nawet  pozbawienia wolno\u015bci do lat 5. <\/p>\n","protected":false},"excerpt":{"rendered":"<p>Prawa autorskie s\u0105 jedn\u0105 z ga\u0142\u0119zi prawa prywatnego. Ustawa z dnia 4 lutego 1994 r. o prawie autorskim i prawach pokrewnych zawiera nie tylko definicje utworu oraz spos\u00f3b ochrony praw autorskich maj\u0105tkowych oraz niemaj\u0105tkowych. Wymienia r\u00f3wnie\u017c przest\u0119pstwa jakie mo\u017cna pope\u0142ni\u0107 na gruncie tej ustawy. Sankcje karne w ustawie maj\u0105 szczeg\u00f3lny charakter w stosunku do ustawy [&hellip;]<\/p>\n","protected":false},"author":2,"featured_media":0,"comment_status":"open","ping_status":"closed","sticky":false,"template":"wp-custom-template-pojedynczy-wpis-pl","format":"standard","meta":{"footnotes":""},"categories":[230],"tags":[103,104,105,30,106,107],"class_list":["post-142","post","type-post","status-publish","format-standard","hentry","category-news-pl","tag-paserstwo","tag-prawa-autorskie","tag-prawa-pokrewne","tag-przywlaszczenie","tag-rozpowszechnienie-utworu","tag-usuwanie-zabezpieczen"],"_links":{"self":[{"href":"https:\/\/karne.pl\/index.php\/wp-json\/wp\/v2\/posts\/142","targetHints":{"allow":["GET"]}}],"collection":[{"href":"https:\/\/karne.pl\/index.php\/wp-json\/wp\/v2\/posts"}],"about":[{"href":"https:\/\/karne.pl\/index.php\/wp-json\/wp\/v2\/types\/post"}],"author":[{"embeddable":true,"href":"https:\/\/karne.pl\/index.php\/wp-json\/wp\/v2\/users\/2"}],"replies":[{"embeddable":true,"href":"https:\/\/karne.pl\/index.php\/wp-json\/wp\/v2\/comments?post=142"}],"version-history":[{"count":1,"href":"https:\/\/karne.pl\/index.php\/wp-json\/wp\/v2\/posts\/142\/revisions"}],"predecessor-version":[{"id":440,"href":"https:\/\/karne.pl\/index.php\/wp-json\/wp\/v2\/posts\/142\/revisions\/440"}],"wp:attachment":[{"href":"https:\/\/karne.pl\/index.php\/wp-json\/wp\/v2\/media?parent=142"}],"wp:term":[{"taxonomy":"category","embeddable":true,"href":"https:\/\/karne.pl\/index.php\/wp-json\/wp\/v2\/categories?post=142"},{"taxonomy":"post_tag","embeddable":true,"href":"https:\/\/karne.pl\/index.php\/wp-json\/wp\/v2\/tags?post=142"}],"curies":[{"name":"wp","href":"https:\/\/api.w.org\/{rel}","templated":true}]}}