{"id":139,"date":"2021-06-24T19:16:29","date_gmt":"2021-06-24T17:16:29","guid":{"rendered":"http:\/\/karne.pl\/prawo\/?p=139"},"modified":"2025-06-13T22:24:28","modified_gmt":"2025-06-13T20:24:28","slug":"pojecie-przestepstwa-z-uzyciem-przemocy-z-art-41a-%c2%a7-1-kodeksu-karnego","status":"publish","type":"post","link":"https:\/\/karne.pl\/index.php\/pojecie-przestepstwa-z-uzyciem-przemocy-z-art-41a-%c2%a7-1-kodeksu-karnego\/","title":{"rendered":"Poj\u0119cie \u201eprzest\u0119pstwa z u\u017cyciem przemocy\u201d z art. 41a \u00a7 1 Kodeksu karnego"},"content":{"rendered":"<p>W art. 41a \u00a7 1 Kodeksu karnego, dotycz\u0105cym mo\u017cliwo\u015bci zastosowania okre\u015blonych \u015brodk\u00f3w karnych pojawia si\u0119 zwrot \u201eprzest\u0119pstwo z u\u017cyciem przemocy\u201d. Spos\u00f3b jego rozumienia sta\u0142 si\u0119 przedmiotem uchwa\u0142y S\u0105du Najwy\u017cszego z dnia 31 marca 2021 r. o sygn. I KZP 7\/20, w kt\u00f3rej s\u0105d uzna\u0142, \u017ce jako przemoc mo\u017cna rozumie\u0107 zar\u00f3wno przemoc fizyczn\u0105, jak i psychiczn\u0105.<br \/>\nSebastian K. zosta\u0142 skazany przez s\u0105d I instancji za zn\u0119canie si\u0119 nad cz\u0142onkami rodziny i niestosowanie si\u0119 do orzeczonych \u015brodk\u00f3w karnych na kar\u0119 o\u015bmiu miesi\u0119cy pozbawienia wolno\u015bci. Orzeczono r\u00f3wnie\u017c \u015brodki karne z art. 41a \u00a7 1 Kodeksu karnego. Od tego wyroku apelacj\u0119 wnios\u0142a obrona, a tak\u017ce prokurator, jednak\u017ce tylko w zakresie zastosowania \u015brodk\u00f3w karnych. Spraw\u0105 t\u0105, jako s\u0105d II instancji, zaj\u0105\u0142 si\u0119 S\u0105d Okr\u0119gowy w Tarnowie, kt\u00f3ry postanowi\u0142 zwr\u00f3ci\u0107 si\u0119 do S\u0105du Najwy\u017cszego z zagadnieniem prawnym wymagaj\u0105cym zasadniczej wyk\u0142adni ustawy. S\u0105d ten zada\u0142 pytanie:<br \/>\n\u201eCzy zawarty w art. 41a \u00a7 1 k.k. zwrot \u201eprzest\u0119pstwo z u\u017cyciem przemocy\u201d oznacza przest\u0119pstwa, do ustawowych znamion kt\u00f3rych nale\u017cy przemoc (u\u017cycie\/zastosowanie przemocy), czy te\u017c przest\u0119pstwa, kt\u00f3re faktycznie pope\u0142nione zosta\u0142y z u\u017cyciem przemocy, a w tym przypadku, czy stanowi\u0105cy element tego zwrotu termin \u201eprzemoc\u201d oznacza wy\u0142\u0105cznie przemoc fizyczn\u0105, czy te\u017c tak\u017ce przemoc w innej postaci, a w szczeg\u00f3lno\u015bci psychiczn\u0105?\u201d<br \/>\n\tW sprawie tej S\u0105d Najwy\u017cszy zdecydowa\u0142 si\u0119 podj\u0105\u0107 uchwa\u0142\u0119 w sk\u0142adzie trzech s\u0119dzi\u00f3w. S\u0105d uzna\u0142, \u017ce \u201ePrzest\u0119pstwem z u\u017cyciem przemocy w rozumieniu art. 41a \u00a7 1 Kodeksu karnego jest ka\u017cde przest\u0119pstwo, kt\u00f3re faktycznie pope\u0142nione zosta\u0142o z u\u017cyciem przemocy, przy czym u\u017cyte w tym przepisie s\u0142owo \u00bbprzemoc\u00ab obejmuje zar\u00f3wno przemoc fizyczn\u0105, jak i psychiczn\u0105\u201d (Baza Orzecze\u0144 S\u0105du Najwy\u017cszego).<br \/>\n\tOznacza to, \u017ce \u015brodki karne przewidziane w art. 41a \u00a7 1 Kodeksu karnego mog\u0105 zosta\u0107 zastosowane nie tylko w razie pope\u0142nienia przest\u0119pstw, do kt\u00f3rych ustawowych znamion nale\u017cy przemoc, ale do ka\u017cdego przest\u0119pstwa, przy pope\u0142nianiu kt\u00f3rego rzeczywi\u015bcie dosz\u0142o do u\u017cycia tej przemocy. S\u0105d Najwy\u017cszy podtrzyma\u0142 tym samym zdanie wyra\u017cone w uchwale z dnia 23 pa\u017adziernika 2002 r. I KZP 33\/02 (OSNKW 2002\/11-12\/93). Co wi\u0119cej, mo\u017ce to by\u0107 r\u00f3wnie\u017c przemoc psychiczna, a nie tylko fizyczna. Taka wyk\u0142adnia korzystnie wp\u0142ywa na poziom ochrony ofiar przest\u0119pstw, co podkre\u015bli\u0142 r\u00f3wnie\u017c S\u0105d Najwy\u017cszy. Pozwoli to na znacznie lepsze zadbanie o pozycj\u0119 pokrzywdzonych i ograniczy bezkarno\u015b\u0107 sprawc\u00f3w. Takie rozumienie gwarantuje tak\u017ce zgodno\u015b\u0107 interpretacji wspomnianego przepisu z art. 2 Ustawy o przeciwdzia\u0142aniu przemocy w rodzinie (Dz. U. 2020 poz. 218 ze zm.), kt\u00f3ry r\u00f3wnie\u017c odwo\u0142uje si\u0119 do szk\u00f3d i krzywd psychicznych.<\/p>\n","protected":false},"excerpt":{"rendered":"<p>W art. 41a \u00a7 1 Kodeksu karnego, dotycz\u0105cym mo\u017cliwo\u015bci zastosowania okre\u015blonych \u015brodk\u00f3w karnych pojawia si\u0119 zwrot \u201eprzest\u0119pstwo z u\u017cyciem przemocy\u201d. Spos\u00f3b jego rozumienia sta\u0142 si\u0119 przedmiotem uchwa\u0142y S\u0105du Najwy\u017cszego z dnia 31 marca 2021 r. o sygn. I KZP 7\/20, w kt\u00f3rej s\u0105d uzna\u0142, \u017ce jako przemoc mo\u017cna rozumie\u0107 zar\u00f3wno przemoc fizyczn\u0105, jak i psychiczn\u0105. [&hellip;]<\/p>\n","protected":false},"author":2,"featured_media":0,"comment_status":"open","ping_status":"closed","sticky":false,"template":"wp-custom-template-pojedynczy-wpis-pl","format":"standard","meta":{"footnotes":""},"categories":[230],"tags":[4,100,101,102,37,84],"class_list":["post-139","post","type-post","status-publish","format-standard","hentry","category-news-pl","tag-kodeks-karny","tag-ofiara","tag-przemoc","tag-przemoc-psychiczna","tag-przestepstwo","tag-skazany"],"_links":{"self":[{"href":"https:\/\/karne.pl\/index.php\/wp-json\/wp\/v2\/posts\/139","targetHints":{"allow":["GET"]}}],"collection":[{"href":"https:\/\/karne.pl\/index.php\/wp-json\/wp\/v2\/posts"}],"about":[{"href":"https:\/\/karne.pl\/index.php\/wp-json\/wp\/v2\/types\/post"}],"author":[{"embeddable":true,"href":"https:\/\/karne.pl\/index.php\/wp-json\/wp\/v2\/users\/2"}],"replies":[{"embeddable":true,"href":"https:\/\/karne.pl\/index.php\/wp-json\/wp\/v2\/comments?post=139"}],"version-history":[{"count":1,"href":"https:\/\/karne.pl\/index.php\/wp-json\/wp\/v2\/posts\/139\/revisions"}],"predecessor-version":[{"id":441,"href":"https:\/\/karne.pl\/index.php\/wp-json\/wp\/v2\/posts\/139\/revisions\/441"}],"wp:attachment":[{"href":"https:\/\/karne.pl\/index.php\/wp-json\/wp\/v2\/media?parent=139"}],"wp:term":[{"taxonomy":"category","embeddable":true,"href":"https:\/\/karne.pl\/index.php\/wp-json\/wp\/v2\/categories?post=139"},{"taxonomy":"post_tag","embeddable":true,"href":"https:\/\/karne.pl\/index.php\/wp-json\/wp\/v2\/tags?post=139"}],"curies":[{"name":"wp","href":"https:\/\/api.w.org\/{rel}","templated":true}]}}