{"id":132,"date":"2021-04-09T18:02:58","date_gmt":"2021-04-09T16:02:58","guid":{"rendered":"http:\/\/karne.pl\/prawo\/?p=132"},"modified":"2025-06-13T22:25:46","modified_gmt":"2025-06-13T20:25:46","slug":"zly-stan-zdrowia-nie-moze-byc-podstawa-wstrzymania-wykonania-orzeczenia","status":"publish","type":"post","link":"https:\/\/karne.pl\/index.php\/zly-stan-zdrowia-nie-moze-byc-podstawa-wstrzymania-wykonania-orzeczenia\/","title":{"rendered":"Z\u0142y stan zdrowia nie mo\u017ce by\u0107 podstaw\u0105 wstrzymania wykonania orzeczenia"},"content":{"rendered":"<p>Sytuacja zdrowotna skazanego mo\u017ce by\u0107 przedmiotem rozwa\u017ca\u0144 s\u0105du w post\u0119powaniu w przedmiocie odroczenia wykonania orzeczonej kary pozbawienia wolno\u015bci albo s\u0105du penitencjarnego w post\u0119powaniu o przerw\u0119 w wykonywaniu kary w trybie art. 153 Kodeksu karnego wykonawczego. S\u0105d kt\u00f3ry wyda\u0142 orzeczenie w pierwszej instancji jest bowiem w\u0142a\u015bciwy r\u00f3wnie\u017c w post\u0119powaniu dotycz\u0105cym wykonania tego orzeczenia.<br \/>\nWspomniany przepis Kodeksu karnego wykonawczego stanowi, \u017ce w s\u0105d penitencjarny udziela przerwy w wykonaniu kary w wypadku\u00a0 choroby psychicznej lub innej ci\u0119\u017ckiej choroby uniemo\u017cliwiaj\u0105cej wykonywanie tej kary. \u00a0<br \/>\nW postanowieniu S\u0105du Najwy\u017cszego z dnia 28 pa\u017adziernika 2020 r. o sygn. V KK 443\/20, S\u0105d Najwy\u017cszy rozwa\u017cy\u0142 kasacj\u0119 od wyroku s\u0105du drugiej instancji. Obro\u0144ca wni\u00f3s\u0142 o wstrzymanie wykonania prawomocnego orzeczenia na podstawie art. 532 \u00a7 1 Kodeksu post\u0119powania karnego. Przepis ten stanowi, \u017ce w razie wniesienia kasacji S\u0105d Najwy\u017cszy mo\u017ce wstrzyma\u0107 wykonanie zaskar\u017conego orzeczenia. W tej sytuacji, zdaniem obro\u0144cy, skazany nie by\u0142 w stanie odbywa\u0107 kary w zak\u0142adzie karnym z uwagi na pozostawanie w z\u0142ym stanie zdrowotnym.<br \/>\nS\u0105d Najwy\u017cszy stwierdzi\u0142, \u017ce mo\u017cliwo\u015b\u0107 skorzystania przez skazanego z instytucji wstrzymania wykonania prawomocnego orzeczenia unormowanej w\u00a0art. 532 \u00a7 1\u00a0k.p.k. nale\u017cy \u0142\u0105czy\u0107 jedynie z okoliczno\u015bciami zwi\u0105zanymi z nietrafno\u015bci\u0105 merytoryczn\u0105 zaskar\u017conego orzeczenia. Zdaniem SN okoliczno\u015bci zwi\u0105zane ze stanem zdrowia skazanego, jego sytuacj\u0105 rodzinn\u0105 czy innymi spo\u0142ecznie uzasadnionymi wzgl\u0119dami\u00a0nie powinny by\u0107 brane pod uwag\u0119.<br \/>\nS\u0105d Najwy\u017cszy zaznaczy\u0142 r\u00f3wnie\u017c, \u017ce sytuacja zdrowotna skazanego, mo\u017ce by\u0107 przedmiotem rozwa\u017ca\u0144 s\u0105du tylko w post\u0119powaniu w przedmiocie odroczenia wykonania orzeczonej kary pozbawienia wolno\u015bci albo post\u0119powaniu o przerw\u0119 w wykonywaniu kary. Nie mo\u017ce jednak by\u0107 przes\u0142ank\u0105 do zastosowania instytucji z art. 532 \u00a7 1 k.p.k.<\/p>\n","protected":false},"excerpt":{"rendered":"<p>Sytuacja zdrowotna skazanego mo\u017ce by\u0107 przedmiotem rozwa\u017ca\u0144 s\u0105du w post\u0119powaniu w przedmiocie odroczenia wykonania orzeczonej kary pozbawienia wolno\u015bci albo s\u0105du penitencjarnego w post\u0119powaniu o przerw\u0119 w wykonywaniu kary w trybie art. 153 Kodeksu karnego wykonawczego. S\u0105d kt\u00f3ry wyda\u0142 orzeczenie w pierwszej instancji jest bowiem w\u0142a\u015bciwy r\u00f3wnie\u017c w post\u0119powaniu dotycz\u0105cym wykonania tego orzeczenia. Wspomniany przepis Kodeksu [&hellip;]<\/p>\n","protected":false},"author":2,"featured_media":0,"comment_status":"open","ping_status":"closed","sticky":false,"template":"wp-custom-template-pojedynczy-wpis-pl","format":"standard","meta":{"footnotes":""},"categories":[230],"tags":[93,94,95],"class_list":["post-132","post","type-post","status-publish","format-standard","hentry","category-news-pl","tag-odroczenia","tag-stan-zdrowia","tag-wykonanie-kary"],"_links":{"self":[{"href":"https:\/\/karne.pl\/index.php\/wp-json\/wp\/v2\/posts\/132","targetHints":{"allow":["GET"]}}],"collection":[{"href":"https:\/\/karne.pl\/index.php\/wp-json\/wp\/v2\/posts"}],"about":[{"href":"https:\/\/karne.pl\/index.php\/wp-json\/wp\/v2\/types\/post"}],"author":[{"embeddable":true,"href":"https:\/\/karne.pl\/index.php\/wp-json\/wp\/v2\/users\/2"}],"replies":[{"embeddable":true,"href":"https:\/\/karne.pl\/index.php\/wp-json\/wp\/v2\/comments?post=132"}],"version-history":[{"count":1,"href":"https:\/\/karne.pl\/index.php\/wp-json\/wp\/v2\/posts\/132\/revisions"}],"predecessor-version":[{"id":443,"href":"https:\/\/karne.pl\/index.php\/wp-json\/wp\/v2\/posts\/132\/revisions\/443"}],"wp:attachment":[{"href":"https:\/\/karne.pl\/index.php\/wp-json\/wp\/v2\/media?parent=132"}],"wp:term":[{"taxonomy":"category","embeddable":true,"href":"https:\/\/karne.pl\/index.php\/wp-json\/wp\/v2\/categories?post=132"},{"taxonomy":"post_tag","embeddable":true,"href":"https:\/\/karne.pl\/index.php\/wp-json\/wp\/v2\/tags?post=132"}],"curies":[{"name":"wp","href":"https:\/\/api.w.org\/{rel}","templated":true}]}}