{"id":126,"date":"2021-02-04T19:42:26","date_gmt":"2021-02-04T18:42:26","guid":{"rendered":"http:\/\/karne.pl\/prawo\/?p=126"},"modified":"2025-06-13T22:26:22","modified_gmt":"2025-06-13T20:26:22","slug":"umieszczenie-skazanego-w-zakladzie-leczniczym-w-zwiazku-z-covid-19","status":"publish","type":"post","link":"https:\/\/karne.pl\/index.php\/umieszczenie-skazanego-w-zakladzie-leczniczym-w-zwiazku-z-covid-19\/","title":{"rendered":"Umieszczenie skazanego w zak\u0142adzie leczniczym w zwi\u0105zku z COVID-19"},"content":{"rendered":"<p>1 kwietnia 2020 r. wesz\u0142a w \u017cycie ustawa z dnia 31 marca 2020 r. o zmianie ustawy o szczeg\u00f3lnych rozwi\u0105zaniach zwi\u0105zanych z zapobieganiem, przeciwdzia\u0142aniem i zwalczaniem COVID-19, innych chor\u00f3b zaka\u017anych oraz wywo\u0142anych nimi sytuacji kryzysowych oraz niekt\u00f3rych innych ustaw. Na jej mocy zmianie uleg\u0142y zasady dotycz\u0105ce wykonywania kary. Regulacja ta ma na celu dostosowanie warunk\u00f3w skazanych do okoliczno\u015bci wywo\u0142anych pandemi\u0105.<br \/>\nW okresie stanu zagro\u017cenia epidemicznego lub stanu epidemii og\u0142oszonego z powodu COVID-19 ograniczenie albo wyeliminowanie ryzyka zara\u017cenia przez skazanego innej osoby mo\u017ce by\u0107 niemo\u017cliwe w ramach dzia\u0142a\u0144 podejmowanych w zak\u0142adzie karnym. Na mocy przepis\u00f3w ustawy covidowej dyrektor zak\u0142adu karnego mo\u017ce w\u00f3wczas z\u0142o\u017cy\u0107 do s\u0105du penitencjarnego wniosek o wykonywanie kary w postaci umieszczenia skazanego w odpowiednim zak\u0142adzie leczniczym. Wniosek taki musi by\u0107 nast\u0119pnie zatwierdzony przez Dyrektora Generalnego S\u0142u\u017cby Wi\u0119ziennej. Stanie si\u0119 tak je\u017celi skazanemu nie mo\u017cna udzieli\u0107 przerwy w wykonaniu kary pozbawienia wolno\u015bci.<br \/>\nS\u0105d orzeka o wykonywaniu kary pozbawienia wolno\u015bci poprzez umieszczenie skazanego w odpowiednim zak\u0142adzie leczniczym na czas oznaczony albo odmawia uwzgl\u0119dnienia wniosku, je\u017celi nie zachodz\u0105 wymagane okoliczno\u015bci.<br \/>\nCzas przebywania skazanego w zak\u0142adzie leczniczym mo\u017ce by\u0107 przed\u0142u\u017cany na wniosek dyrektora zak\u0142adu karnego na dalszy czas oznaczony, nie mo\u017ce jednak trwa\u0107 d\u0142u\u017cej ni\u017c do ustania stanu zagro\u017cenia epidemicznego lub stanu epidemii og\u0142oszonego z powodu COVID-19.<br \/>\nMo\u017cliwo\u015b\u0107 wykonywania kary w zak\u0142adzie leczniczym dotyczy umieszczonych w zak\u0142adzie karnym oraz areszcie \u015bledczym.<\/p>\n","protected":false},"excerpt":{"rendered":"<p>1 kwietnia 2020 r. wesz\u0142a w \u017cycie ustawa z dnia 31 marca 2020 r. o zmianie ustawy o szczeg\u00f3lnych rozwi\u0105zaniach zwi\u0105zanych z zapobieganiem, przeciwdzia\u0142aniem i zwalczaniem COVID-19, innych chor\u00f3b zaka\u017anych oraz wywo\u0142anych nimi sytuacji kryzysowych oraz niekt\u00f3rych innych ustaw. Na jej mocy zmianie uleg\u0142y zasady dotycz\u0105ce wykonywania kary. Regulacja ta ma na celu dostosowanie warunk\u00f3w [&hellip;]<\/p>\n","protected":false},"author":2,"featured_media":0,"comment_status":"open","ping_status":"closed","sticky":false,"template":"wp-custom-template-pojedynczy-wpis-pl","format":"standard","meta":{"footnotes":""},"categories":[230],"tags":[86,82,87,88,89],"class_list":["post-126","post","type-post","status-publish","format-standard","hentry","category-news-pl","tag-choroby-zakazne","tag-covid-19","tag-pandemia","tag-zagrozenie-epidemiczne","tag-zaklad-karny"],"_links":{"self":[{"href":"https:\/\/karne.pl\/index.php\/wp-json\/wp\/v2\/posts\/126","targetHints":{"allow":["GET"]}}],"collection":[{"href":"https:\/\/karne.pl\/index.php\/wp-json\/wp\/v2\/posts"}],"about":[{"href":"https:\/\/karne.pl\/index.php\/wp-json\/wp\/v2\/types\/post"}],"author":[{"embeddable":true,"href":"https:\/\/karne.pl\/index.php\/wp-json\/wp\/v2\/users\/2"}],"replies":[{"embeddable":true,"href":"https:\/\/karne.pl\/index.php\/wp-json\/wp\/v2\/comments?post=126"}],"version-history":[{"count":1,"href":"https:\/\/karne.pl\/index.php\/wp-json\/wp\/v2\/posts\/126\/revisions"}],"predecessor-version":[{"id":445,"href":"https:\/\/karne.pl\/index.php\/wp-json\/wp\/v2\/posts\/126\/revisions\/445"}],"wp:attachment":[{"href":"https:\/\/karne.pl\/index.php\/wp-json\/wp\/v2\/media?parent=126"}],"wp:term":[{"taxonomy":"category","embeddable":true,"href":"https:\/\/karne.pl\/index.php\/wp-json\/wp\/v2\/categories?post=126"},{"taxonomy":"post_tag","embeddable":true,"href":"https:\/\/karne.pl\/index.php\/wp-json\/wp\/v2\/tags?post=126"}],"curies":[{"name":"wp","href":"https:\/\/api.w.org\/{rel}","templated":true}]}}