{"id":123,"date":"2021-01-04T17:23:50","date_gmt":"2021-01-04T16:23:50","guid":{"rendered":"http:\/\/karne.pl\/prawo\/?p=123"},"modified":"2025-06-13T22:26:40","modified_gmt":"2025-06-13T20:26:40","slug":"wykonywanie-kary-w-czasie-pandemii","status":"publish","type":"post","link":"https:\/\/karne.pl\/index.php\/wykonywanie-kary-w-czasie-pandemii\/","title":{"rendered":"Wykonywanie kary w czasie pandemii"},"content":{"rendered":"<p>Wraz z wej\u015bciem w \u017cycie w dniu 1 kwietnia 2020 r.ustawy z dnia 31 marca 2020 r. o zmianie ustawy o szczeg\u00f3lnych rozwi\u0105zaniach zwi\u0105zanych z zapobieganiem, przeciwdzia\u0142aniem i zwalczaniem COVID-19, innych chor\u00f3b zaka\u017anych oraz wywo\u0142anych nimi sytuacji kryzysowych oraz niekt\u00f3rych innych ustaw, zmianie uleg\u0142y zasady dotycz\u0105ce wykonywania kary. Regulacje ta maja na celu z\u0142agodzenie warunk\u00f3w koniecznych do udzielenia przerwy w wykonywaniu kary oraz poddaniu si\u0119 dozorowi elektronicznemu aby zniwelowa\u0107 ryzyko zara\u017cenia.<br \/>\nPierwsz\u0105 ze zmian jest mo\u017cliwo\u015b\u0107 odbywania kary pozbawienia wolno\u015bci w systemie dozoru elektronicznego przez osoby, kt\u00f3re zosta\u0142y skazane na kar\u0119 pozbawienia wolno\u015bci w wymiarze nie przekraczaj\u0105cym18 miesi\u0119cy. Dotychczas tak\u0105 mo\u017cliwo\u015b\u0107 mia\u0142y jedynie osoby skazane w wymiarze nieprzekraczaj\u0105cym roku.Ta zmiana umo\u017cliwia skorzystanie z tej instytucji wi\u0119kszej liczbie skazanych. Z tej mo\u017cliwo\u015bci mog\u0105 skorzysta\u0107 tak\u017ce osoby, kt\u00f3re jeszcze nie rozpocz\u0119\u0142y wykonywania kary. W tej sytuacji istotne jest aby przekona\u0107 s\u0105d, \u017ce udzielenie zgody na odbycie kary w systemie dozoru elektronicznego jest wystarczaj\u0105ce dla osi\u0105gni\u0119cia cel\u00f3w kary, w szczeg\u00f3lno\u015bci zapobie\u017cenia ponownemu pope\u0142nieniu czynu zabronionego jak r\u00f3wnie\u017c udowodnianie, \u017ce skazany b\u0119dzie w stanie wykona\u0107 kar\u0119 poza zak\u0142adem karnym.<br \/>\nW tzw. tarczy antykryzysowej znalaz\u0142o si\u0119 r\u00f3wnie\u017c uregulowanie, \u017ce w okresie stanu zagro\u017cenia epidemicznego lub stanu epidemii og\u0142oszonego z powodu COVID-19, s\u0105d penitencjarny mo\u017ce udzieli\u0107 skazanemu przerwy w wykonaniu kary pozbawienia wolno\u015bci, chyba \u017ce istnieje uzasadnione przypuszczenie, \u017ce skazany w czasie pobytu poza zak\u0142adem karnym nie b\u0119dzie przestrzega\u0142 porz\u0105dku prawnego, w szczeg\u00f3lno\u015bci pope\u0142ni przest\u0119pstwo, lub nie b\u0119dzie stosowa\u0142 si\u0119 do wytycznych, polece\u0144 lub decyzji w\u0142a\u015bciwych organ\u00f3w zwi\u0105zanych z przeciwdzia\u0142aniem COVID-19 lub 17 leczeniem zara\u017cenia wirusem SARS-CoV-2. Dyrektor zak\u0142adu karnego sk\u0142ada taki wniosek do s\u0105du po zatwierdzeniu przez Dyrektora Generalnego S\u0142u\u017cby Wi\u0119ziennej, je\u015bli udzielenie przerwy skazanemu mo\u017ce przyczyni\u0107 si\u0119 do ograniczenia albo wyeliminowania epidemii. Nale\u017cy zaznaczy\u0107, \u017ce s\u0105d umorzy post\u0119powanie, je\u017celi prokurator sprzeciwi si\u0119 uwzgl\u0119dnieniu wniosku nie p\u00f3\u017aniej ni\u017c do czasu wydania postanowienia w tej kwestii.<br \/>\nPrzerwy udziela si\u0119 na czas oznaczony nie d\u0142u\u017cszy ni\u017c do ustania stanu zagro\u017cenia epidemicznego lub stanu epidemii og\u0142oszonego z powodu COVID-19. Z dniem og\u0142oszenia o ustaniu stanu zagro\u017cenia epidemicznego lub stanu epidemii skazany b\u0119dzie zobowi\u0105zany do powrotu do zak\u0142adu karnego w terminie 3 dni, chyba \u017ce nie jest to mo\u017cliwe z uwagi na poddanie kwarantannie.<\/p>\n<p>Warto zaznaczy\u0107, \u017ce z powy\u017cszych przepis\u00f3w nie b\u0119d\u0105 mogli skorzysta\u0107 skazani:<br \/>\n1.\tza przest\u0119pstwo umy\u015blne zagro\u017cone kar\u0105 pozbawienia wolno\u015bci przekraczaj\u0105c\u0105 3 lata;<br \/>\n2.\tza przest\u0119pstwo nieumy\u015blne na kar\u0119 przekraczaj\u0105c\u0105 3 lata pozbawienia wolno\u015bci;<br \/>\n3.\tskazani w warunkach recydywy zwyk\u0142ej, recydywy wielokrotnej oraz sprawcy, kt\u00f3rzy z pope\u0142nienia przest\u0119pstwa uczynili sobie sta\u0142e \u017ar\u00f3d\u0142o dochodu lub pope\u0142nili przest\u0119pstwo dzia\u0142aj\u0105c w zorganizowanej grupie przest\u0119pczej albo zwi\u0105zku maj\u0105cych na celu pope\u0142nienie przest\u0119pstwa oraz wobec sprawcy przest\u0119pstwa o charakterze terrorystycznym.<\/p>\n","protected":false},"excerpt":{"rendered":"<p>Wraz z wej\u015bciem w \u017cycie w dniu 1 kwietnia 2020 r.ustawy z dnia 31 marca 2020 r. o zmianie ustawy o szczeg\u00f3lnych rozwi\u0105zaniach zwi\u0105zanych z zapobieganiem, przeciwdzia\u0142aniem i zwalczaniem COVID-19, innych chor\u00f3b zaka\u017anych oraz wywo\u0142anych nimi sytuacji kryzysowych oraz niekt\u00f3rych innych ustaw, zmianie uleg\u0142y zasady dotycz\u0105ce wykonywania kary. Regulacje ta maja na celu z\u0142agodzenie warunk\u00f3w [&hellip;]<\/p>\n","protected":false},"author":2,"featured_media":0,"comment_status":"open","ping_status":"closed","sticky":false,"template":"wp-custom-template-pojedynczy-wpis-pl","format":"standard","meta":{"footnotes":""},"categories":[230],"tags":[82,83,84,85],"class_list":["post-123","post","type-post","status-publish","format-standard","hentry","category-news-pl","tag-covid-19","tag-kary","tag-skazany","tag-zakaznych"],"_links":{"self":[{"href":"https:\/\/karne.pl\/index.php\/wp-json\/wp\/v2\/posts\/123","targetHints":{"allow":["GET"]}}],"collection":[{"href":"https:\/\/karne.pl\/index.php\/wp-json\/wp\/v2\/posts"}],"about":[{"href":"https:\/\/karne.pl\/index.php\/wp-json\/wp\/v2\/types\/post"}],"author":[{"embeddable":true,"href":"https:\/\/karne.pl\/index.php\/wp-json\/wp\/v2\/users\/2"}],"replies":[{"embeddable":true,"href":"https:\/\/karne.pl\/index.php\/wp-json\/wp\/v2\/comments?post=123"}],"version-history":[{"count":1,"href":"https:\/\/karne.pl\/index.php\/wp-json\/wp\/v2\/posts\/123\/revisions"}],"predecessor-version":[{"id":446,"href":"https:\/\/karne.pl\/index.php\/wp-json\/wp\/v2\/posts\/123\/revisions\/446"}],"wp:attachment":[{"href":"https:\/\/karne.pl\/index.php\/wp-json\/wp\/v2\/media?parent=123"}],"wp:term":[{"taxonomy":"category","embeddable":true,"href":"https:\/\/karne.pl\/index.php\/wp-json\/wp\/v2\/categories?post=123"},{"taxonomy":"post_tag","embeddable":true,"href":"https:\/\/karne.pl\/index.php\/wp-json\/wp\/v2\/tags?post=123"}],"curies":[{"name":"wp","href":"https:\/\/api.w.org\/{rel}","templated":true}]}}