{"id":117,"date":"2020-11-03T19:45:32","date_gmt":"2020-11-03T18:45:32","guid":{"rendered":"http:\/\/karne.pl\/prawo\/?p=117"},"modified":"2025-06-13T22:27:24","modified_gmt":"2025-06-13T20:27:24","slug":"zmiany-art-37a-kodeksu-karnego","status":"publish","type":"post","link":"https:\/\/karne.pl\/index.php\/zmiany-art-37a-kodeksu-karnego\/","title":{"rendered":"Zmiany art. 37a Kodeksu karnego"},"content":{"rendered":"<p>Ograniczenia stosowania warunkowego zawieszenia kary pozbawienia wolno\u015bci oraz wi\u0119kszy nacisk na stosowanie tzw. kar wolno\u015bciowych (grzywna i ograniczenie wolno\u015bci) spowodowa\u0142y wprowadzenie do Kodeksu karnego art. 37a &#8211; mia\u0142o to miejsce w 2015 r. Istotna zmiana tre\u015bci tego przepisu wesz\u0142a w \u017cycie 24 czerwca 2020 r.<\/p>\n<p>Dotychczas by\u0142 on sformu\u0142owany w spos\u00f3b stosunkowo prosty &#8211; kara grzywny lub ograniczenia wolno\u015bci mog\u0142a zosta\u0107 wymierzona za przest\u0119pstwo zagro\u017cone kar\u0105 nieprzekraczaj\u0105c\u0105 8 lat pozbawienia wolno\u015bci. Obecnie wymog\u00f3w jest wi\u0119cej &#8211; po pierwsze, S\u0105d musi dokona\u0107 swoistego wst\u0119pnego wymiaru kary i ustali\u0107, jak\u0105 kar\u0119 nale\u017ca\u0142oby w danej sprawie wymierzy\u0107. Je\u015bli by\u0142aby ona ni\u017csza od roku, mo\u017ce w jej miejsce zastosowa\u0107 ograniczenie wolno\u015bci (nie mniej ni\u017c 3 miesi\u0105ce) lub grzywn\u0119 (nie mniej ni\u017c 100 stawek dziennych), jednocze\u015bnie jednak stosuj\u0105c \u015brodek karny, \u015brodek kompensacyjny lub przepadek. Dodatkowo, art. 37a nie mo\u017ca obecnie stosowa\u0107 do os\u00f3b dzia\u0142aj\u0105cych w zorganizowanej grupie albo zwi\u0105zku maj\u0105cym na celu pope\u0142nienie przest\u0119pstwa lub przest\u0119pstwa skarbowego oraz sprawc\u00f3w przest\u0119pstw o charakterze terrorystycznym.<\/p>\n<p>Obecne brzmienie art. 37a Kodeksu karnego jest wi\u0119c nast\u0119puj\u0105ce:<\/p>\n<p>\u00a7 \u00a01.\u00a0 Je\u017celi przest\u0119pstwo jest zagro\u017cone tylko kar\u0105 pozbawienia wolno\u015bci nieprzekraczaj\u0105c\u0105 8 lat, a wymierzona za nie kara pozbawienia wolno\u015bci nie by\u0142aby surowsza od roku, s\u0105d mo\u017ce zamiast tej kary orzec kar\u0119 ograniczenia wolno\u015bci nie ni\u017csz\u0105 od 3 miesi\u0119cy albo grzywn\u0119 nie ni\u017csz\u0105 od 100 stawek dziennych, je\u017celi r\u00f3wnocze\u015bnie orzeka \u015brodek kamy, \u015brodek kompensacyjny lub przepadek.<br \/>\n\u00a7 \u00a02.\u00a0 Przepisu \u00a7 1 nie stosuje si\u0119 do sprawc\u00f3w, kt\u00f3rzy pope\u0142niaj\u0105 przest\u0119pstwo dzia\u0142aj\u0105c w zorganizowanej grupie albo zwi\u0105zku maj\u0105cych na celu pope\u0142nienie przest\u0119pstwa lub przest\u0119pstwa skarbowego oraz sprawc\u00f3w przest\u0119pstw o charakterze terrorystycznym.<\/p>\n","protected":false},"excerpt":{"rendered":"<p>Ograniczenia stosowania warunkowego zawieszenia kary pozbawienia wolno\u015bci oraz wi\u0119kszy nacisk na stosowanie tzw. kar wolno\u015bciowych (grzywna i ograniczenie wolno\u015bci) spowodowa\u0142y wprowadzenie do Kodeksu karnego art. 37a &#8211; mia\u0142o to miejsce w 2015 r. Istotna zmiana tre\u015bci tego przepisu wesz\u0142a w \u017cycie 24 czerwca 2020 r. Dotychczas by\u0142 on sformu\u0142owany w spos\u00f3b stosunkowo prosty &#8211; kara [&hellip;]<\/p>\n","protected":false},"author":2,"featured_media":0,"comment_status":"open","ping_status":"closed","sticky":false,"template":"wp-custom-template-pojedynczy-wpis-pl","format":"standard","meta":{"footnotes":""},"categories":[230],"tags":[72,73,74,33,75,76,77],"class_list":["post-117","post","type-post","status-publish","format-standard","hentry","category-news-pl","tag-grzywna","tag-ograniczenie-wolnosci","tag-pozbawienie-wolnosci","tag-przepadek","tag-srodek-karny","tag-srodek-kompensacyjny","tag-zawieszenia-kary"],"_links":{"self":[{"href":"https:\/\/karne.pl\/index.php\/wp-json\/wp\/v2\/posts\/117","targetHints":{"allow":["GET"]}}],"collection":[{"href":"https:\/\/karne.pl\/index.php\/wp-json\/wp\/v2\/posts"}],"about":[{"href":"https:\/\/karne.pl\/index.php\/wp-json\/wp\/v2\/types\/post"}],"author":[{"embeddable":true,"href":"https:\/\/karne.pl\/index.php\/wp-json\/wp\/v2\/users\/2"}],"replies":[{"embeddable":true,"href":"https:\/\/karne.pl\/index.php\/wp-json\/wp\/v2\/comments?post=117"}],"version-history":[{"count":1,"href":"https:\/\/karne.pl\/index.php\/wp-json\/wp\/v2\/posts\/117\/revisions"}],"predecessor-version":[{"id":448,"href":"https:\/\/karne.pl\/index.php\/wp-json\/wp\/v2\/posts\/117\/revisions\/448"}],"wp:attachment":[{"href":"https:\/\/karne.pl\/index.php\/wp-json\/wp\/v2\/media?parent=117"}],"wp:term":[{"taxonomy":"category","embeddable":true,"href":"https:\/\/karne.pl\/index.php\/wp-json\/wp\/v2\/categories?post=117"},{"taxonomy":"post_tag","embeddable":true,"href":"https:\/\/karne.pl\/index.php\/wp-json\/wp\/v2\/tags?post=117"}],"curies":[{"name":"wp","href":"https:\/\/api.w.org\/{rel}","templated":true}]}}