{"id":114,"date":"2020-10-13T18:59:18","date_gmt":"2020-10-13T16:59:18","guid":{"rendered":"http:\/\/karne.pl\/prawo\/?p=114"},"modified":"2025-06-13T22:27:44","modified_gmt":"2025-06-13T20:27:44","slug":"ograniczenie-poczytalnosci-jako-okolicznosc-uwzgledniana-przez-sad-przy-wymiarze-kary","status":"publish","type":"post","link":"https:\/\/karne.pl\/index.php\/ograniczenie-poczytalnosci-jako-okolicznosc-uwzgledniana-przez-sad-przy-wymiarze-kary\/","title":{"rendered":"Ograniczenie poczytalno\u015bci jako okoliczno\u015b\u0107 uwzgl\u0119dniana przez s\u0105d przy wymiarze kary"},"content":{"rendered":"<p>Zgodnie z art. 31 Kodeksu karnego osoba, kt\u00f3ra z powodu choroby psychicznej, upo\u015bledzenia umys\u0142owego lub innego zak\u0142\u00f3cenia czynno\u015bci psychicznych nie mog\u0142a w czasie czynu rozpozna\u0107 jego znaczenia lub pokierowa\u0107 swoim post\u0119powaniem &#8211; nie pope\u0142nia przest\u0119pstwa. W praktyce oznacza to, \u017ce np. osoba, kt\u00f3ra pod wp\u0142ywem choroby psychicznej pope\u0142ni\u0142a czyn zabroniony, nie powinna zosta\u0107 za niego skazana. <\/p>\n<p>Co wi\u0119cej, w kolejnym paragrafie tego przepisu kodeks wskazuje, \u017ce \u0142agodniej traktowane maj\u0105 by\u0107 nie tylko osoby ca\u0142kowicie nie rozpoznaj\u0105ce znaczenia czynu, lecz tak\u017ce te, kt\u00f3rych zdolno\u015b\u0107 rozpoznania znaczenia czynu lub kierowania post\u0119powaniem by\u0142a w czasie pope\u0142nienia przest\u0119pstwa w znacznym stopniu ograniczona. W takiej sytuacji s\u0105d mo\u017ce zastosowa\u0107 nadzwyczajne z\u0142agodzenie kary.<br \/>\nW wyroku z dnia 24 stycznia 2019 r. o sygn. IV KK 459\/17 S\u0105d Najwy\u017cszy wypowiedzia\u0142 si\u0119 o jeszcze innej sytuacji. Stwierdzi\u0142, \u017ce ograniczenie poczytalno\u015bci &#8211; nawet w nieznacznym stopniu &#8211; mo\u017ce mie\u0107 istotne znaczenie przy okre\u015blaniu wymiaru kary. S\u0105d podkre\u015bli\u0142, \u017ce kwestia poczytalno\u015bci ma pierwszorz\u0119dne znaczenie w zakresie ustalania winy sprawcy, jednak\u017ce nawet w wypadku braku przes\u0142anek o jakich mowa w art. 31 k.k., nawet nieznaczne ograniczenie poczytalno\u015bci mo\u017ce mie\u0107 wp\u0142yw na mniejszy stopie\u0144 winy oraz kary.<\/p>\n","protected":false},"excerpt":{"rendered":"<p>Zgodnie z art. 31 Kodeksu karnego osoba, kt\u00f3ra z powodu choroby psychicznej, upo\u015bledzenia umys\u0142owego lub innego zak\u0142\u00f3cenia czynno\u015bci psychicznych nie mog\u0142a w czasie czynu rozpozna\u0107 jego znaczenia lub pokierowa\u0107 swoim post\u0119powaniem &#8211; nie pope\u0142nia przest\u0119pstwa. W praktyce oznacza to, \u017ce np. osoba, kt\u00f3ra pod wp\u0142ywem choroby psychicznej pope\u0142ni\u0142a czyn zabroniony, nie powinna zosta\u0107 za niego [&hellip;]<\/p>\n","protected":false},"author":2,"featured_media":0,"comment_status":"open","ping_status":"closed","sticky":false,"template":"wp-custom-template-pojedynczy-wpis-pl","format":"standard","meta":{"footnotes":""},"categories":[230],"tags":[68,4,69,70,71],"class_list":["post-114","post","type-post","status-publish","format-standard","hentry","category-news-pl","tag-choroba","tag-kodeks-karny","tag-ograniczenie","tag-poczytalnosc","tag-psychicznej"],"_links":{"self":[{"href":"https:\/\/karne.pl\/index.php\/wp-json\/wp\/v2\/posts\/114","targetHints":{"allow":["GET"]}}],"collection":[{"href":"https:\/\/karne.pl\/index.php\/wp-json\/wp\/v2\/posts"}],"about":[{"href":"https:\/\/karne.pl\/index.php\/wp-json\/wp\/v2\/types\/post"}],"author":[{"embeddable":true,"href":"https:\/\/karne.pl\/index.php\/wp-json\/wp\/v2\/users\/2"}],"replies":[{"embeddable":true,"href":"https:\/\/karne.pl\/index.php\/wp-json\/wp\/v2\/comments?post=114"}],"version-history":[{"count":1,"href":"https:\/\/karne.pl\/index.php\/wp-json\/wp\/v2\/posts\/114\/revisions"}],"predecessor-version":[{"id":449,"href":"https:\/\/karne.pl\/index.php\/wp-json\/wp\/v2\/posts\/114\/revisions\/449"}],"wp:attachment":[{"href":"https:\/\/karne.pl\/index.php\/wp-json\/wp\/v2\/media?parent=114"}],"wp:term":[{"taxonomy":"category","embeddable":true,"href":"https:\/\/karne.pl\/index.php\/wp-json\/wp\/v2\/categories?post=114"},{"taxonomy":"post_tag","embeddable":true,"href":"https:\/\/karne.pl\/index.php\/wp-json\/wp\/v2\/tags?post=114"}],"curies":[{"name":"wp","href":"https:\/\/api.w.org\/{rel}","templated":true}]}}