{"id":108,"date":"2020-08-03T18:25:26","date_gmt":"2020-08-03T16:25:26","guid":{"rendered":"http:\/\/karne.pl\/prawo\/?p=108"},"modified":"2025-06-13T22:28:28","modified_gmt":"2025-06-13T20:28:28","slug":"subsydiarny-akt-oskarzenia","status":"publish","type":"post","link":"https:\/\/karne.pl\/index.php\/subsydiarny-akt-oskarzenia\/","title":{"rendered":"Subsydiarny akt oskar\u017cenia"},"content":{"rendered":"<p>W prawie karnym w przewa\u017caj\u0105cej wi\u0119kszo\u015bci przypadk\u00f3w oskar\u017cycielem jest prokurator. Nie zmienia to faktu, \u017ce istniej\u0105 r\u00f3wnie\u017c sposoby na wniesienie aktu oskar\u017cenia przez samego pokrzywdzonego w sytuacji, gdy pa\u0144stwowe organy \u015bcigania nie s\u0105 tym zainteresowane. Mo\u017ce to by\u0107 spowodowane odmow\u0105 wszcz\u0119cia \u015bledztwa czy dochodzenia z powodu nieodnalezienia wystarczaj\u0105cych dowod\u00f3w przez organy \u015bcigania. Mimo ich bierno\u015bci pokrzywdzony zdeterminowany do ukarania sprawcy mo\u017ce samodzielnie wnie\u015b\u0107 skarg\u0119 do s\u0105du. Instytucj\u0119 tak\u0105 normuje art. 55 Kodeksu post\u0119powania karnego i nazywa si\u0119 j\u0105 subsydiarnym aktem oskar\u017cenia.<br \/>\nProces taki nie powinien si\u0119 niczym r\u00f3\u017cni\u0107 od procesu wszcz\u0119tego na skutek aktu oskar\u017cenia wniesionego przez oskar\u017cyciela publicznego (prokuratora).\u00a0 Wymaga podkre\u015blenia, \u017ce akt oskar\u017cenia wniesiony przez pokrzywdzonego powinien by\u0107 sporz\u0105dzony i podpisany przez\u00a0adwokata, radc\u0119 prawnego albo radc\u0119 Prokuratorii Generalnej Rzeczypospolitej Polskiej.<br \/>\nDo sprawy wszcz\u0119tej w ten spos\u00f3b mo\u017ce w ka\u017cdym czasie wst\u0105pi\u0107 prokurator, staj\u0105c si\u0119 oskar\u017cycielem publicznym. Post\u0119powanie toczy si\u0119 w\u00f3wczas z oskar\u017cenia publicznego, a pokrzywdzony, kt\u00f3ry wni\u00f3s\u0142 akt oskar\u017cenia, korzysta z praw oskar\u017cyciela posi\u0142kowego. Cofni\u0119cie aktu oskar\u017cenia przez prokuratora  jest dopuszczalne jedynie za zgod\u0105 pokrzywdzonego, kt\u00f3ry wni\u00f3s\u0142 akt oskar\u017cenia.<br \/>\nPrzepisy o subsydiarnym akcie oskar\u017cenia charakteryzuj\u0105 si\u0119 tym, \u017ce wymagane jest wcze\u015bniej wyczerpanie ca\u0142ej dost\u0119pnej procedury przez pokrzywdzonego. Najpierw prokurator odm\u00f3wi\u0107 musi wszcz\u0119cia post\u0119powania lub umorzy\u0107 je w formie postanowienia. Nast\u0119pnie na to postanowienie nale\u017cy z\u0142o\u017cy\u0107 za\u017calenie do s\u0105du. S\u0105d rozpatruj\u0105c za\u017calenie, uchyla postanowienie, wskazuj\u0105c na powody oraz okoliczno\u015bci, kt\u00f3re wymagaj\u0105 dok\u0142adniejszego wyja\u015bnienia przez prokuratora. Gdy s\u0105d ponownie nie znajduje podstaw do wszcz\u0119cia post\u0119powania odmawia wszcz\u0119cia lub umarza je.<br \/>\nW zwi\u0105zku z nowelizacj\u0105 Kodeksu post\u0119powania karnego w 2020 r. wesz\u0142y w \u017cycie nowe przepisy, kt\u00f3re wyd\u0142u\u017caj\u0105 drog\u0119 pokrzywdzonego do wniesienia subsydiarnego aktu oskar\u017cenia. Obecnie  pokrzywdzony mo\u017ce wnie\u015b\u0107 akt oskar\u017cenia do s\u0105du dopiero w terminie miesi\u0105ca od dor\u0119czenia mu zawiadomienia o postanowieniu prokuratora nadrz\u0119dnego o utrzymaniu w mocy zaskar\u017conego postanowienia. <\/p>\n","protected":false},"excerpt":{"rendered":"<p>W prawie karnym w przewa\u017caj\u0105cej wi\u0119kszo\u015bci przypadk\u00f3w oskar\u017cycielem jest prokurator. Nie zmienia to faktu, \u017ce istniej\u0105 r\u00f3wnie\u017c sposoby na wniesienie aktu oskar\u017cenia przez samego pokrzywdzonego w sytuacji, gdy pa\u0144stwowe organy \u015bcigania nie s\u0105 tym zainteresowane. Mo\u017ce to by\u0107 spowodowane odmow\u0105 wszcz\u0119cia \u015bledztwa czy dochodzenia z powodu nieodnalezienia wystarczaj\u0105cych dowod\u00f3w przez organy \u015bcigania. Mimo ich bierno\u015bci [&hellip;]<\/p>\n","protected":false},"author":2,"featured_media":0,"comment_status":"open","ping_status":"closed","sticky":false,"template":"wp-custom-template-pojedynczy-wpis-pl","format":"standard","meta":{"footnotes":""},"categories":[230],"tags":[58,59,60,61],"class_list":["post-108","post","type-post","status-publish","format-standard","hentry","category-news-pl","tag-akt-oskarzenia","tag-oskarzyciel-publiczny","tag-prokurator","tag-subsydiarny"],"_links":{"self":[{"href":"https:\/\/karne.pl\/index.php\/wp-json\/wp\/v2\/posts\/108","targetHints":{"allow":["GET"]}}],"collection":[{"href":"https:\/\/karne.pl\/index.php\/wp-json\/wp\/v2\/posts"}],"about":[{"href":"https:\/\/karne.pl\/index.php\/wp-json\/wp\/v2\/types\/post"}],"author":[{"embeddable":true,"href":"https:\/\/karne.pl\/index.php\/wp-json\/wp\/v2\/users\/2"}],"replies":[{"embeddable":true,"href":"https:\/\/karne.pl\/index.php\/wp-json\/wp\/v2\/comments?post=108"}],"version-history":[{"count":1,"href":"https:\/\/karne.pl\/index.php\/wp-json\/wp\/v2\/posts\/108\/revisions"}],"predecessor-version":[{"id":451,"href":"https:\/\/karne.pl\/index.php\/wp-json\/wp\/v2\/posts\/108\/revisions\/451"}],"wp:attachment":[{"href":"https:\/\/karne.pl\/index.php\/wp-json\/wp\/v2\/media?parent=108"}],"wp:term":[{"taxonomy":"category","embeddable":true,"href":"https:\/\/karne.pl\/index.php\/wp-json\/wp\/v2\/categories?post=108"},{"taxonomy":"post_tag","embeddable":true,"href":"https:\/\/karne.pl\/index.php\/wp-json\/wp\/v2\/tags?post=108"}],"curies":[{"name":"wp","href":"https:\/\/api.w.org\/{rel}","templated":true}]}}