{"id":105,"date":"2020-07-09T08:23:38","date_gmt":"2020-07-09T06:23:38","guid":{"rendered":"http:\/\/karne.pl\/prawo\/?p=105"},"modified":"2025-06-13T22:28:55","modified_gmt":"2025-06-13T20:28:55","slug":"sprzeciw-prokuratora-w-sprawie-tymczasowego-aresztowania","status":"publish","type":"post","link":"https:\/\/karne.pl\/index.php\/sprzeciw-prokuratora-w-sprawie-tymczasowego-aresztowania\/","title":{"rendered":"Sprzeciw prokuratora w sprawie tymczasowego aresztowania"},"content":{"rendered":"<p>Kodeks post\u0119powania reguluje, \u017ce s\u0105d mo\u017ce zmieni\u0107 tymczasowe aresztowanie na kaucj\u0119 pod warunkiem z\u0142o\u017cenia okre\u015blonego por\u0119czenia maj\u0105tkowego. Oskar\u017cony musi z\u0142o\u017cy\u0107 to por\u0119czenie w terminie wyznaczonym przez s\u0105d, ale na uzasadniony wniosek oskar\u017conego lub jego obro\u0144cy, z\u0142o\u017cony najp\u00f3\u017aniej w ostatnim dniu wyznaczonego terminu, s\u0105d mo\u017ce ten termin przed\u0142u\u017cy\u0107.<br \/>\nDo tej pory decyzja taka by\u0142a ostateczna. 5 pa\u017adziernika 2019 roku wesz\u0142a w \u017cycie nowelizacja Kodeksu post\u0119powania karnego wprowadzaj\u0105ca instytucj\u0119 sprzeciwu prokuratora od postanowienia s\u0105du w tych okoliczno\u015bciach. Nowy \u00a7 3 art. 257 Kodeksu post\u0119powania karnego stanowi, i\u017c je\u017celi prokurator o\u015bwiadczy,\u017ce sprzeciwia si\u0119 zmianie \u015brodka zapobiegawczego, postanowienie to, w zakresie dotycz\u0105cym zmiany tymczasowego aresztowania na por\u0119czenie maj\u0105tkowe, staje si\u0119 wykonalne z dniem uprawomocnienia. Prokurator mo\u017ce wnie\u015b\u0107 sprzeciw najp\u00f3\u017aniej na posiedzeniu po og\u0142oszeniu postanowienia przez s\u0105d.<br \/>\n<strong>Sprzeciw prokuratora sprawi, \u017ce nie b\u0119dzie mo\u017cna zwolni\u0107 aresztowanego, kt\u00f3ry wp\u0142aci\u0142 kaucj\u0119, do czasu a\u017c orzeczenie s\u0105du si\u0119 nie uprawomocni<\/strong>, a wi\u0119c do rozpoznania za\u017calenia przez s\u0105d drugiej instancji lub up\u0142ywu czasu do z\u0142o\u017cenia \u015brodka takiego zaskar\u017cenia. W praktyce mo\u017ce to znacznie przed\u0142u\u017cy\u0107 okres aresztowania.<br \/>\nNowelizacja ta wzbudzi\u0142a znaczne kontrowersje. Zdaniem niekt\u00f3rych prawnik\u00f3w stanowi ona niebezpieczne wzmocnienie roli prokuratora w post\u0119powaniu karnym. Podnoszony jest nawet zarzut niezgodno\u015bci z Konstytucj\u0105 RP. Stanowisko stanowczo przeciwne w tej kwestii zaj\u0119\u0142a m.in. Okr\u0119gowa Rada Adwokacka w Warszawie. Tw\u00f3rcy nowelizacji podkre\u015blaj\u0105, i\u017c zmiany te maj\u0105 ograniczy\u0107 nadmiern\u0105 w\u0142adz\u0119 s\u0119dzi\u00f3w.<\/p>\n<p>KS<\/p>\n","protected":false},"excerpt":{"rendered":"<p>Kodeks post\u0119powania reguluje, \u017ce s\u0105d mo\u017ce zmieni\u0107 tymczasowe aresztowanie na kaucj\u0119 pod warunkiem z\u0142o\u017cenia okre\u015blonego por\u0119czenia maj\u0105tkowego. Oskar\u017cony musi z\u0142o\u017cy\u0107 to por\u0119czenie w terminie wyznaczonym przez s\u0105d, ale na uzasadniony wniosek oskar\u017conego lub jego obro\u0144cy, z\u0142o\u017cony najp\u00f3\u017aniej w ostatnim dniu wyznaczonego terminu, s\u0105d mo\u017ce ten termin przed\u0142u\u017cy\u0107. Do tej pory decyzja taka by\u0142a ostateczna. 5 [&hellip;]<\/p>\n","protected":false},"author":2,"featured_media":0,"comment_status":"open","ping_status":"closed","sticky":false,"template":"wp-custom-template-pojedynczy-wpis-pl","format":"standard","meta":{"footnotes":""},"categories":[230],"tags":[53,54,55,56,57],"class_list":["post-105","post","type-post","status-publish","format-standard","hentry","category-news-pl","tag-areszt","tag-kodeks","tag-prokuratora","tag-sprzeciw","tag-tymczasowe-aresztowanie"],"_links":{"self":[{"href":"https:\/\/karne.pl\/index.php\/wp-json\/wp\/v2\/posts\/105","targetHints":{"allow":["GET"]}}],"collection":[{"href":"https:\/\/karne.pl\/index.php\/wp-json\/wp\/v2\/posts"}],"about":[{"href":"https:\/\/karne.pl\/index.php\/wp-json\/wp\/v2\/types\/post"}],"author":[{"embeddable":true,"href":"https:\/\/karne.pl\/index.php\/wp-json\/wp\/v2\/users\/2"}],"replies":[{"embeddable":true,"href":"https:\/\/karne.pl\/index.php\/wp-json\/wp\/v2\/comments?post=105"}],"version-history":[{"count":1,"href":"https:\/\/karne.pl\/index.php\/wp-json\/wp\/v2\/posts\/105\/revisions"}],"predecessor-version":[{"id":452,"href":"https:\/\/karne.pl\/index.php\/wp-json\/wp\/v2\/posts\/105\/revisions\/452"}],"wp:attachment":[{"href":"https:\/\/karne.pl\/index.php\/wp-json\/wp\/v2\/media?parent=105"}],"wp:term":[{"taxonomy":"category","embeddable":true,"href":"https:\/\/karne.pl\/index.php\/wp-json\/wp\/v2\/categories?post=105"},{"taxonomy":"post_tag","embeddable":true,"href":"https:\/\/karne.pl\/index.php\/wp-json\/wp\/v2\/tags?post=105"}],"curies":[{"name":"wp","href":"https:\/\/api.w.org\/{rel}","templated":true}]}}